{"id":980,"date":"2021-09-14T00:10:00","date_gmt":"2021-09-14T00:10:00","guid":{"rendered":"https:\/\/generacionnueva.com.co\/?p=980"},"modified":"2021-09-19T00:15:45","modified_gmt":"2021-09-19T00:15:45","slug":"cursos-de-ingles-gratis-para-ninos-y-talleres-de-escritura","status":"publish","type":"post","link":"https:\/\/generacionnueva.com.co\/index.php\/2021\/09\/14\/cursos-de-ingles-gratis-para-ninos-y-talleres-de-escritura\/","title":{"rendered":"Cursos de ingl\u00e9s gratis para ni\u00f1os y talleres de escritura"},"content":{"rendered":"\n<p>En sus 20 a\u00f1os, la Red Distrital de Bibliotecas P\u00fablicas ampl\u00eda su programaci\u00f3n para ofrecer a los ciudadanos cursos de ingl\u00e9s y talleres de escritura, que les permitir\u00e1n mejorar sus habilidades en un segundo idioma y en la construcci\u00f3n de microrrelatos. Las actividades se realizar\u00e1n de forma mixta (presencial y virtual), gratuitamente y a partir del 16 de septiembre y hasta finales de octubre.<\/p>\n\n\n\n<p><strong>Cursos de ingl\u00e9s:<\/strong><\/p>\n\n\n\n<p>De acuerdo con el \u00edndice de dominio del ingl\u00e9s EF, a nivel Latinoam\u00e9rica, Colombia ocupa el lugar n\u00famero 17 entre 19 naciones. A nivel mundial, se ubica en el <em>ranking <\/em>77 de 100.&nbsp; En relaci\u00f3n a esto, la Escuela de Lectores de BibloRed, en alianza con la licenciatura en educaci\u00f3n biling\u00fce de la Fundaci\u00f3n Universitaria Unimonserrate, invita a ni\u00f1os y ni\u00f1as entre los 7 y 12 a\u00f1os a participar en los clubes de ingl\u00e9s <em>on-line; <\/em>un espacio que estar\u00e1 abierto desde el jueves 16 de septiembre.&nbsp;<\/p>\n\n\n\n<p>Las inscripciones son gratuitas y se podr\u00e1n realizar presencialmente en las salas infantiles de las bibliotecas p\u00fablicas Virgilio Barco, Gabriel Garc\u00eda M\u00e1rquez y Julio Mario Santo Domingo. El horario en las tres bibliotecas ser\u00e1 los jueves a partir del 16 de septiembre, de 3:00 p.m. a 5:00 p.m., en modalidad de alternancia (tres sesiones mensuales v\u00eda Meet y una sesi\u00f3n presencial al mes) y sin costo alguno.<\/p>\n\n\n\n<p><strong>Talleres de escritura para escribir en 100 palabras:&nbsp;<\/strong><\/p>\n\n\n\n<p>\u00bfC\u00f3mo condensar una historia en pocas palabras? Desde el pr\u00f3ximo s\u00e1bado 11 de septiembre hasta el domingo 10 de octubre, la Red Distrital de Bibliotecas P\u00fablicas &#8211; BibloRed realizar\u00e1 71 horas de talleres de escritura en espacios convencionales y no convencionales de la capital, en el marco del concurso de relato breve Bogot\u00e1 en 100 palabras.<\/p>\n\n\n\n<p>Estas actividades buscan que los asistentes adquieran herramientas pr\u00e1cticas para la escritura de microrrelatos y obtengan referentes que les permitan aguzar la mirada para narrar la ciudad urbana y rural. Los interesados podr\u00e1n inscribirse gratuitamente en el siguiente enlace <a href=\"https:\/\/www.biblored.gov.co\/form-talleres-de-escritura-bogota-100-palabras\" target=\"_blank\" rel=\"noreferrer noopener\">https:\/\/www.biblored.gov.co\/form-talleres-de-escritura-bogota-100-palabras<\/a><\/p>\n\n\n\n<p>Los talleres estar\u00e1n presentes en las bibliotecas p\u00fablicas Virgilio Barco, Servit\u00e1, El Parque, Sumapaz, Pasquilla, Julio Mario Santodomingo y Marichuela, adem\u00e1s de espacios como el&nbsp; Paraderos Paralibros Paraparques de la Independencia, Timiza, Las Cruces, plazas de mercado, entre otros.<\/p>\n\n\n\n<p><strong>1. Microrrelatos en la historia de la literatura para j\u00f3venes y adultos: <\/strong>a partir de relatos cortos y microrrelatos desarrollar habilidades para condensar una historia en pocas palabras.<\/p>\n\n\n\n<ul class=\"wp-block-list\"><li>Biblioteca de Usaqu\u00e9n, Servit\u00e1: 21 de septiembre \/ 5 de octubre \/ 3:00 p.m.<\/li><li>Biblioteca Virgilio Barco:&nbsp; 10 de octubre \/ 11:00 a.m.<\/li><\/ul>\n\n\n\n<p><strong>2. Microrrelatos y colecci\u00f3n infantil, para ni\u00f1os: <\/strong>a partir de relatos cortos y microrrelatos desarrollar habilidades para condensar una historia en pocas palabras.<\/p>\n\n\n\n<ul class=\"wp-block-list\"><li>Biblioteca P\u00fablica Virgilio Barco: 26 de octubre \/ 10 de octubre \/ 11:00 a.m.<\/li><li><strong>Biblioteca P\u00fablica Julio Mario Santo Domingo:<\/strong><\/li><\/ul>\n\n\n\n<p><strong>3. Taller de observaci\u00f3n de la ciudad, lugares emblem\u00e1ticos para j\u00f3venes y adultos:&nbsp; <\/strong>a partir de lo que no es evidente en los edificios, calles y esquinas bogotanas nos preguntamos: \u00bfQu\u00e9 historias nos sugieren los espacios vac\u00edos? \u00bfQu\u00e9 personas habitar\u00edan en la ficci\u00f3n del microrrelato? \u00bfC\u00f3mo se habitaron estos espacios en el pasado? \u00bfQu\u00e9 ocurrir\u00e1 en ellos dentro de 200 a\u00f1os?&nbsp;<\/p>\n\n\n\n<ul class=\"wp-block-list\"><li>PPP Salitre Greco: 18 de septiembre \/ 10:00 a.m.<\/li><li>PPP Timiza: 2 de octubre \/ 10:00 a.m.<\/li><li>PPP Las Cruces: 9 de octubre \/ 10:00 a.m.<\/li><li>Biblioteca P\u00fablica El Parque: 25 de septiembre \/ 10:00 a.m.<\/li><li>Biblioteca P\u00fablica Carlos E. Restrepo: 18 de septiembre \/ 25 de septiembre \/ 2 de octubre \/ 3:00 p.m.<br><\/li><\/ul>\n\n\n\n<p><strong>4. Taller de observaci\u00f3n escritura del espacio rural o urbano,&nbsp; para j\u00f3venes y adultos:&nbsp;<\/strong><\/p>\n\n\n\n<ul class=\"wp-block-list\"><li>Biblioteca P\u00fablico Escolar Pasquilla: 18 de septiembre \/ 10:00 a.m.<\/li><li>Biblioteca P\u00fablico Escolar Sumapaz: 25 de septiembre \/ 10:00 a.m.<\/li><\/ul>\n\n\n\n<p><strong>5. Observaci\u00f3n de la ciudad en movimiento, recorrido en bicicleta: ejercicio que surge a partir de premisas espec\u00edficas: <\/strong>\u00bfQu\u00e9 observar? \u00bfQu\u00e9 estamos buscando en la ciudad en movimiento? Un espacio para aprender la estructura del microrrelato, as\u00ed como ofrecer herramientas para que los asistentes puedan observar y narrar lo que ven.<\/p>\n\n\n\n<ul class=\"wp-block-list\"><li>Biblioteca P\u00fablica Virgilio Barco: 26 de septiembre \/ 10:00 a.m.<\/li><li>Biblioteca Gabriel Garc\u00eda M\u00e1rquez (Para adultos mayores): 6 de octubre \/ 3:00 p.m.<\/li><\/ul>\n\n\n\n<p><em>Informaci\u00f3n de prensa Biblored<\/em><\/p>\n","protected":false},"excerpt":{"rendered":"<p>En sus 20 a\u00f1os, la Red Distrital de Bibliotecas P\u00fablicas ampl\u00eda su programaci\u00f3n para ofrecer a los ciudadanos cursos de ingl\u00e9s y talleres de escritura, que les permitir\u00e1n mejorar sus habilidades en un segundo idioma y en la construcci\u00f3n de microrrelatos. Las actividades se realizar\u00e1n de forma mixta (presencial y virtual), gratuitamente y a partir&#8230;<\/p>\n","protected":false},"author":1,"featured_media":981,"comment_status":"open","ping_status":"open","sticky":false,"template":"","format":"standard","meta":{"footnotes":""},"categories":[36,49],"tags":[609,607,610,608,611,612],"class_list":["post-980","post","type-post","status-publish","format-standard","has-post-thumbnail","hentry","category-actualidad","category-bienestar","tag-biblioteca-virgilio-barco","tag-biblored","tag-bogota","tag-cursos-de-ingles","tag-gabriel-garcia-marquez","tag-julio-mario-santo-domingo","th-blog blog-single has-post-thumbnail"],"amp_enabled":true,"_links":{"self":[{"href":"https:\/\/generacionnueva.com.co\/index.php\/wp-json\/wp\/v2\/posts\/980","targetHints":{"allow":["GET"]}}],"collection":[{"href":"https:\/\/generacionnueva.com.co\/index.php\/wp-json\/wp\/v2\/posts"}],"about":[{"href":"https:\/\/generacionnueva.com.co\/index.php\/wp-json\/wp\/v2\/types\/post"}],"author":[{"embeddable":true,"href":"https:\/\/generacionnueva.com.co\/index.php\/wp-json\/wp\/v2\/users\/1"}],"replies":[{"embeddable":true,"href":"https:\/\/generacionnueva.com.co\/index.php\/wp-json\/wp\/v2\/comments?post=980"}],"version-history":[{"count":1,"href":"https:\/\/generacionnueva.com.co\/index.php\/wp-json\/wp\/v2\/posts\/980\/revisions"}],"predecessor-version":[{"id":982,"href":"https:\/\/generacionnueva.com.co\/index.php\/wp-json\/wp\/v2\/posts\/980\/revisions\/982"}],"wp:featuredmedia":[{"embeddable":true,"href":"https:\/\/generacionnueva.com.co\/index.php\/wp-json\/wp\/v2\/media\/981"}],"wp:attachment":[{"href":"https:\/\/generacionnueva.com.co\/index.php\/wp-json\/wp\/v2\/media?parent=980"}],"wp:term":[{"taxonomy":"category","embeddable":true,"href":"https:\/\/generacionnueva.com.co\/index.php\/wp-json\/wp\/v2\/categories?post=980"},{"taxonomy":"post_tag","embeddable":true,"href":"https:\/\/generacionnueva.com.co\/index.php\/wp-json\/wp\/v2\/tags?post=980"}],"curies":[{"name":"wp","href":"https:\/\/api.w.org\/{rel}","templated":true}]}}