{"id":971,"date":"2021-09-15T15:55:00","date_gmt":"2021-09-15T15:55:00","guid":{"rendered":"https:\/\/generacionnueva.com.co\/?p=971"},"modified":"2021-09-18T23:37:16","modified_gmt":"2021-09-18T23:37:16","slug":"conoce-los-nominados-a-deezer-monitor-music-awards","status":"publish","type":"post","link":"https:\/\/generacionnueva.com.co\/index.php\/2021\/09\/15\/conoce-los-nominados-a-deezer-monitor-music-awards\/","title":{"rendered":"Conoce los nominados a Deezer Monitor Music Awards"},"content":{"rendered":"\n<p>El servicio de monitoreo de las listas de la radio hispana,&nbsp;<strong>MonitorLATINO<\/strong>, anuncia los nominados para las 10 categor\u00edas de la esperada segunda edici\u00f3n de los&nbsp;<strong>Deezer Monitor Music Awards.<\/strong>&nbsp;Los mismos se eligen con base en los charts latinos, los cuales definen el Top 5 de canciones y artistas m\u00e1s escuchados durante el periodo de noviembre de 2020 a julio de 2021. Entre las diversas categor\u00edas, se incluye&nbsp;<em>\u00ab<\/em><em>Mejor Canci\u00f3n Cristiana<\/em><em>\u00bb,<\/em>&nbsp;y los nominados son:&nbsp;<\/p>\n\n\n\n<ul class=\"wp-block-list\"><li><em>\u00ab<\/em><em>Su Poder<\/em><em>\u00bb<\/em><em>&nbsp;<\/em>por Miel San Marcos junto a Marcos Witt<\/li><li><em>\u00ab<\/em><em>Viento Fresco<\/em><em>\u00bb<\/em>&nbsp;por Hillsong Worship con Hillsong en Espa\u00f1ol<\/li><li><em>\u00ab<\/em><em>Dios as\u00ed lo quiso<\/em><em>\u00bb<\/em>&nbsp;por Ricardo Montaner con Juan Luis Guerra<\/li><li><em>\u00ab<\/em><em>Pienso en Ti<\/em><em>\u00bb<\/em>&nbsp;por Su Presencia<\/li><li><em>\u00ab<\/em><em>Am\u00e9n<\/em><em>\u00bb<\/em>&nbsp;por Ricardo Montaner, Evaluna Montaner, Mau y Ricky, y Camilo<\/li><\/ul>\n\n\n\n<div class=\"wp-block-image is-style-rounded\"><figure class=\"alignleft size-full is-resized\"><img fetchpriority=\"high\" decoding=\"async\" src=\"https:\/\/generacionnueva.com.co\/wp-content\/uploads\/2021\/09\/Captura-de-Pantalla-2021-09-16-a-las-11.01.31-a.-m..png\" alt=\"\" class=\"wp-image-973\" width=\"443\" height=\"261\" srcset=\"https:\/\/generacionnueva.com.co\/wp-content\/uploads\/2021\/09\/Captura-de-Pantalla-2021-09-16-a-las-11.01.31-a.-m..png 738w, https:\/\/generacionnueva.com.co\/wp-content\/uploads\/2021\/09\/Captura-de-Pantalla-2021-09-16-a-las-11.01.31-a.-m.-300x177.png 300w, https:\/\/generacionnueva.com.co\/wp-content\/uploads\/2021\/09\/Captura-de-Pantalla-2021-09-16-a-las-11.01.31-a.-m.-696x410.png 696w, https:\/\/generacionnueva.com.co\/wp-content\/uploads\/2021\/09\/Captura-de-Pantalla-2021-09-16-a-las-11.01.31-a.-m.-713x420.png 713w\" sizes=\"(max-width: 443px) 100vw, 443px\" \/><\/figure><\/div>\n\n\n\n<p>&nbsp;Este a\u00f1o, los<strong>&nbsp;Deezer Monitor Music Awards<\/strong>&nbsp;le dan la bienvenida a m\u00faltiples personalidades para presentar la gala de premiaciones desde Rep\u00fablica Dominicana, M\u00e9xico, Miami y Puerto Rico.&nbsp;Las celebridades que formar\u00e1n parte de los presentadores son Alessandra Villegas, Daniel Sarco, Johnny Lozada, Lynda Vargas, Melina Le\u00f3n, Rafael Valles y Sherlyn.&nbsp;Los premios tendr\u00e1n lugar el domingo, 17 de octubre de 2021 en Prime Time, y ser\u00e1 transmitido a trav\u00e9s de la cadena<strong>&nbsp;UniM\u00e1s<\/strong>&nbsp;de<strong>&nbsp;Univision&nbsp;<\/strong>en Estados Unidos;&nbsp;<strong>Televisa\/Telehit<\/strong>&nbsp;en M\u00e9xico; el grupo&nbsp;<strong>Albavisi\u00f3n&nbsp;<\/strong>y<strong>&nbsp;Claro TV&nbsp;<\/strong>en Am\u00e9rica Latina y el Caribe, entre otros. La ceremonia de premiaci\u00f3n de este a\u00f1o se transmitir\u00e1, principalmente, desde el&nbsp;<strong>Paramount World Center en Miami, Florida<\/strong>, con estaciones adicionales de transmisi\u00f3n internacionales desde&nbsp;<strong>Coco Bongo&nbsp;<\/strong>en<strong>&nbsp;Punta Cana, Rep\u00fablica Dominicana<\/strong>;&nbsp;<strong>el<\/strong><strong>Hyatt Grand Regency en San Juan, Puerto Rico<\/strong>, y&nbsp;<strong>Guadalajara, M\u00e9xico.<\/strong><\/p>\n","protected":false},"excerpt":{"rendered":"<p>El servicio de monitoreo de las listas de la radio hispana,&nbsp;MonitorLATINO, anuncia los nominados para las 10 categor\u00edas de la esperada segunda edici\u00f3n de los&nbsp;Deezer Monitor Music Awards.&nbsp;Los mismos se eligen con base en los charts latinos, los cuales definen el Top 5 de canciones y artistas m\u00e1s escuchados durante el periodo de noviembre de&#8230;<\/p>\n","protected":false},"author":1,"featured_media":972,"comment_status":"open","ping_status":"open","sticky":false,"template":"","format":"standard","meta":{"footnotes":""},"categories":[39],"tags":[599,223,593,597,448,225,283,598,596,594,222,595,81],"class_list":["post-971","post","type-post","status-publish","format-standard","has-post-thumbnail","hentry","category-musica","tag-amen","tag-camilo","tag-deezer-monitor-music-awards","tag-evaluna-montaner","tag-hillsong-worship","tag-juan-luis-guerra","tag-marcos-witt","tag-mau-y-ricky","tag-miel-san-marcos","tag-monitor-latino","tag-ricardo-montaner","tag-su-poder","tag-su-presencia","th-blog blog-single has-post-thumbnail"],"amp_enabled":true,"_links":{"self":[{"href":"https:\/\/generacionnueva.com.co\/index.php\/wp-json\/wp\/v2\/posts\/971","targetHints":{"allow":["GET"]}}],"collection":[{"href":"https:\/\/generacionnueva.com.co\/index.php\/wp-json\/wp\/v2\/posts"}],"about":[{"href":"https:\/\/generacionnueva.com.co\/index.php\/wp-json\/wp\/v2\/types\/post"}],"author":[{"embeddable":true,"href":"https:\/\/generacionnueva.com.co\/index.php\/wp-json\/wp\/v2\/users\/1"}],"replies":[{"embeddable":true,"href":"https:\/\/generacionnueva.com.co\/index.php\/wp-json\/wp\/v2\/comments?post=971"}],"version-history":[{"count":1,"href":"https:\/\/generacionnueva.com.co\/index.php\/wp-json\/wp\/v2\/posts\/971\/revisions"}],"predecessor-version":[{"id":974,"href":"https:\/\/generacionnueva.com.co\/index.php\/wp-json\/wp\/v2\/posts\/971\/revisions\/974"}],"wp:featuredmedia":[{"embeddable":true,"href":"https:\/\/generacionnueva.com.co\/index.php\/wp-json\/wp\/v2\/media\/972"}],"wp:attachment":[{"href":"https:\/\/generacionnueva.com.co\/index.php\/wp-json\/wp\/v2\/media?parent=971"}],"wp:term":[{"taxonomy":"category","embeddable":true,"href":"https:\/\/generacionnueva.com.co\/index.php\/wp-json\/wp\/v2\/categories?post=971"},{"taxonomy":"post_tag","embeddable":true,"href":"https:\/\/generacionnueva.com.co\/index.php\/wp-json\/wp\/v2\/tags?post=971"}],"curies":[{"name":"wp","href":"https:\/\/api.w.org\/{rel}","templated":true}]}}