{"id":953,"date":"2021-09-02T18:12:00","date_gmt":"2021-09-02T18:12:00","guid":{"rendered":"https:\/\/generacionnueva.com.co\/?p=953"},"modified":"2021-09-06T18:20:42","modified_gmt":"2021-09-06T18:20:42","slug":"ven-jesus-cancion-de-adoracion-de-jan-earle-y-marcos-brunet","status":"publish","type":"post","link":"https:\/\/generacionnueva.com.co\/index.php\/2021\/09\/02\/ven-jesus-cancion-de-adoracion-de-jan-earle-y-marcos-brunet\/","title":{"rendered":"&#8216;Ven Jes\u00fas&#8217;, canci\u00f3n de adoraci\u00f3n de Jan Earle y Marcos Brunet"},"content":{"rendered":"\n<p><strong>Jan Earle<\/strong>, integrante del ministerio <strong>Toma Tu Lugar<\/strong>, presenta su m\u00e1s reciente lanzamiento, el tema de adoraci\u00f3n, <strong><em>\u00abVen Jes\u00fas\u00bb<\/em><\/strong>, canci\u00f3n nacida en un viaje con sus amigos de ministerio a la ciudad de Neuqu\u00e9n, en el sur de Argentina. En la interpretaci\u00f3n le acompa\u00f1a <strong>Marcos Brune<\/strong>t.<\/p>\n\n\n\n<p>Estando en Neuqu\u00e9n, <strong>Jan<\/strong> sinti\u00f3 que algo estaba comenzando a ocurrir en su coraz\u00f3n respecto a la revelaci\u00f3n de Jes\u00fas en todas sus facetas, pero esta vez, con el \u00e9nfasis de que \u00abAquel est\u00e1 por venir\u00bb.<\/p>\n\n\n\n<p><strong>Jan Earle <\/strong>es el compositor de la canci\u00f3n, aunque trabaj\u00f3 con personas que influenciaron la letra y la construcci\u00f3n musical final que hoy componen \u00abVen Jes\u00fas\u00bb. Fue producida por \u00e9l junto a <strong>Rodrigo Rocha <\/strong>y<strong> Pablo Quezada<\/strong>. El mensaje es la esperanza de gloria que los hijos de Dios tienen en Jes\u00fas, as\u00ed como el amor por su venida, que aplasta todo temor.<\/p>\n\n\n\n<div class=\"wp-block-image\"><figure class=\"alignleft size-large is-resized\"><img fetchpriority=\"high\" decoding=\"async\" src=\"https:\/\/generacionnueva.com.co\/wp-content\/uploads\/2021\/09\/Ven-Jesu\u0301s_portada-1024x1024.jpeg\" alt=\"\" class=\"wp-image-954\" width=\"301\" height=\"301\" srcset=\"https:\/\/generacionnueva.com.co\/wp-content\/uploads\/2021\/09\/Ven-Jesu\u0301s_portada-1024x1024.jpeg 1024w, https:\/\/generacionnueva.com.co\/wp-content\/uploads\/2021\/09\/Ven-Jesu\u0301s_portada-300x300.jpeg 300w, https:\/\/generacionnueva.com.co\/wp-content\/uploads\/2021\/09\/Ven-Jesu\u0301s_portada-150x150.jpeg 150w, https:\/\/generacionnueva.com.co\/wp-content\/uploads\/2021\/09\/Ven-Jesu\u0301s_portada-768x768.jpeg 768w, https:\/\/generacionnueva.com.co\/wp-content\/uploads\/2021\/09\/Ven-Jesu\u0301s_portada-1536x1536.jpeg 1536w, https:\/\/generacionnueva.com.co\/wp-content\/uploads\/2021\/09\/Ven-Jesu\u0301s_portada-2048x2048.jpeg 2048w, https:\/\/generacionnueva.com.co\/wp-content\/uploads\/2021\/09\/Ven-Jesu\u0301s_portada-696x696.jpeg 696w, https:\/\/generacionnueva.com.co\/wp-content\/uploads\/2021\/09\/Ven-Jesu\u0301s_portada-1068x1068.jpeg 1068w, https:\/\/generacionnueva.com.co\/wp-content\/uploads\/2021\/09\/Ven-Jesu\u0301s_portada-1920x1920.jpeg 1920w, https:\/\/generacionnueva.com.co\/wp-content\/uploads\/2021\/09\/Ven-Jesu\u0301s_portada-420x420.jpeg 420w\" sizes=\"(max-width: 301px) 100vw, 301px\" \/><figcaption>Portada &#8216;Ven Jes\u00fas&#8217;<\/figcaption><\/figure><\/div>\n\n\n\n<p><em>\u00abConocemos lo que hizo, somos parte de lo que est\u00e1 haciendo, pero el Esp\u00edritu me despert\u00f3 a escribir de \u201cAquel\u201d que est\u00e1 por venir y todo lo que esto representa literalmente, no como una fantas\u00eda, sino como algo que va a ocurrir y un d\u00eda todo ojo le ver\u00e1 volver en gloria y majestad\u00bb<\/em>, expresa <strong>Jan<\/strong> con la emoci\u00f3n de declarar algo tan esencial en la doctrina del cristianismo.<\/p>\n\n\n\n<p><strong>Jan Earle<\/strong> es un ministro y cantante paname\u00f1o radicado en C\u00f3rdoba, Argentina. Est\u00e1 casado con <strong>Dri<\/strong>, y la pareja tiene dos hijos, <strong>Jaden<\/strong> y <strong>Joel<\/strong>. Con amor a Jes\u00fas y a su iglesia, se considera una voz para esta generaci\u00f3n, quien por la gracia de Dios desarrolla el ministerio de la adoraci\u00f3n y de la palabra de Dios.<\/p>\n\n\n\n<p>El cantante y compositor es leal, apasionado y persistente, con un inter\u00e9s inusual en la m\u00fasica desde que tiene uso de raz\u00f3n, una pasi\u00f3n heredada de su padre, que es m\u00fasico. Incluso de ni\u00f1o, creaba su propia bater\u00eda a partir de las ollas de la cocina de su casa. Realiz\u00f3 estudios en percusi\u00f3n y lenguaje musical antes de trasladarse a Argentina, en donde continu\u00f3 su formaci\u00f3n musical y b\u00edblica. De sus momentos de comuni\u00f3n con Dios naci\u00f3 su respuesta al llamado de Dios a expresar su amor por \u00e9l a trav\u00e9s de la m\u00fasica.<\/p>\n\n\n\n<p>El tema <strong><em>\u00abVen Jes\u00fas\u00bb<\/em><\/strong>, de <strong>Jan Earle <\/strong>(feat. <strong>Marcos Brunet<\/strong>) es lanzado internacionalmente por <strong>TTL Music<\/strong> y ya est\u00e1 disponible en todas las plataformas digitales.<\/p>\n\n\n\n<p><em>Con informaci\u00f3n de prensa Allegro<\/em><\/p>\n","protected":false},"excerpt":{"rendered":"<p>Jan Earle, integrante del ministerio Toma Tu Lugar, presenta su m\u00e1s reciente lanzamiento, el tema de adoraci\u00f3n, \u00abVen Jes\u00fas\u00bb, canci\u00f3n nacida en un viaje con sus amigos de ministerio a la ciudad de Neuqu\u00e9n, en el sur de Argentina. En la interpretaci\u00f3n le acompa\u00f1a Marcos Brunet. Estando en Neuqu\u00e9n, Jan sinti\u00f3 que algo estaba comenzando&#8230;<\/p>\n","protected":false},"author":1,"featured_media":956,"comment_status":"open","ping_status":"open","sticky":false,"template":"","format":"video","meta":{"footnotes":""},"categories":[39],"tags":[572,577,571,578,575,574,573,576],"class_list":["post-953","post","type-post","status-publish","format-video","has-post-thumbnail","hentry","category-musica","tag-jan-earle","tag-lanzamientos","tag-marcos-brunet","tag-musica-cristiana-2021","tag-pablo-quezada","tag-rodrigo-rocha","tag-toma-tu-lugar","tag-ven-jesus","post_format-post-format-video","th-blog blog-single has-post-thumbnail"],"amp_enabled":true,"_links":{"self":[{"href":"https:\/\/generacionnueva.com.co\/index.php\/wp-json\/wp\/v2\/posts\/953","targetHints":{"allow":["GET"]}}],"collection":[{"href":"https:\/\/generacionnueva.com.co\/index.php\/wp-json\/wp\/v2\/posts"}],"about":[{"href":"https:\/\/generacionnueva.com.co\/index.php\/wp-json\/wp\/v2\/types\/post"}],"author":[{"embeddable":true,"href":"https:\/\/generacionnueva.com.co\/index.php\/wp-json\/wp\/v2\/users\/1"}],"replies":[{"embeddable":true,"href":"https:\/\/generacionnueva.com.co\/index.php\/wp-json\/wp\/v2\/comments?post=953"}],"version-history":[{"count":1,"href":"https:\/\/generacionnueva.com.co\/index.php\/wp-json\/wp\/v2\/posts\/953\/revisions"}],"predecessor-version":[{"id":955,"href":"https:\/\/generacionnueva.com.co\/index.php\/wp-json\/wp\/v2\/posts\/953\/revisions\/955"}],"wp:featuredmedia":[{"embeddable":true,"href":"https:\/\/generacionnueva.com.co\/index.php\/wp-json\/wp\/v2\/media\/956"}],"wp:attachment":[{"href":"https:\/\/generacionnueva.com.co\/index.php\/wp-json\/wp\/v2\/media?parent=953"}],"wp:term":[{"taxonomy":"category","embeddable":true,"href":"https:\/\/generacionnueva.com.co\/index.php\/wp-json\/wp\/v2\/categories?post=953"},{"taxonomy":"post_tag","embeddable":true,"href":"https:\/\/generacionnueva.com.co\/index.php\/wp-json\/wp\/v2\/tags?post=953"}],"curies":[{"name":"wp","href":"https:\/\/api.w.org\/{rel}","templated":true}]}}