{"id":908,"date":"2021-07-09T19:42:00","date_gmt":"2021-07-09T19:42:00","guid":{"rendered":"https:\/\/generacionnueva.com.co\/?p=908"},"modified":"2021-07-12T19:51:18","modified_gmt":"2021-07-12T19:51:18","slug":"natanael-y-giovanna-crean-un-espacio-de-adoracion-con-su-nuevo-sencillo-caeran","status":"publish","type":"post","link":"https:\/\/generacionnueva.com.co\/index.php\/2021\/07\/09\/natanael-y-giovanna-crean-un-espacio-de-adoracion-con-su-nuevo-sencillo-caeran\/","title":{"rendered":"Natanael y Giovanna crean un espacio de adoraci\u00f3n con su nuevo sencillo \u00abCaer\u00e1n\u00bb"},"content":{"rendered":"\n<p>El talentoso dueto de la m\u00fasica de adoraci\u00f3n, conformado por los esposos Natanael y Giovanna, invitan a sus oyentes a ser parte de una experiencia de intimidad con Dios con el lanzamiento de su sencillo musical \u00ab<em>Caer\u00e1n<\/em>\u00bb.<\/p>\n\n\n\n<figure class=\"wp-block-audio\"><audio controls src=\"https:\/\/generacionnueva.com.co\/wp-content\/uploads\/2021\/07\/Caeran-Version-Radio.mp3\"><\/audio><figcaption>Escucha aqu\u00ed &#8220;Caer\u00e1n&#8221;<\/figcaption><\/figure>\n\n\n\n<p>Durante una sesi\u00f3n de composici\u00f3n en las facilidades de Integrity Music y en colaboraci\u00f3n de la autora americana, Rhyan Shirley, Natanael y Giovanna le dieron vida a esta canci\u00f3n en ingl\u00e9s, convirti\u00e9ndola posteriormente en una potente canci\u00f3n para conectar con su audiencia hispanohablante.<\/p>\n\n\n\n<div class=\"wp-block-image\"><figure class=\"alignleft size-large is-resized\"><img fetchpriority=\"high\" decoding=\"async\" src=\"https:\/\/generacionnueva.com.co\/wp-content\/uploads\/2021\/07\/Caeran_Portada-1024x1024.jpeg\" alt=\"\" class=\"wp-image-909\" width=\"635\" height=\"635\" srcset=\"https:\/\/generacionnueva.com.co\/wp-content\/uploads\/2021\/07\/Caeran_Portada-1024x1024.jpeg 1024w, https:\/\/generacionnueva.com.co\/wp-content\/uploads\/2021\/07\/Caeran_Portada-300x300.jpeg 300w, https:\/\/generacionnueva.com.co\/wp-content\/uploads\/2021\/07\/Caeran_Portada-150x150.jpeg 150w, https:\/\/generacionnueva.com.co\/wp-content\/uploads\/2021\/07\/Caeran_Portada-768x768.jpeg 768w, https:\/\/generacionnueva.com.co\/wp-content\/uploads\/2021\/07\/Caeran_Portada-696x696.jpeg 696w, https:\/\/generacionnueva.com.co\/wp-content\/uploads\/2021\/07\/Caeran_Portada-1068x1068.jpeg 1068w, https:\/\/generacionnueva.com.co\/wp-content\/uploads\/2021\/07\/Caeran_Portada-420x420.jpeg 420w, https:\/\/generacionnueva.com.co\/wp-content\/uploads\/2021\/07\/Caeran_Portada.jpeg 1080w\" sizes=\"(max-width: 635px) 100vw, 635px\" \/><\/figure><\/div>\n\n\n\n<p>El poderoso tema, producido por Iv\u00e1n Torres de Divine Music Productions, fue inspirado por la vivencia personal de Natanael cuando fue sometido a una operaci\u00f3n de sus cuerdas vocales. En ese proceso de incertidumbre y con el pron\u00f3stico de que no podr\u00eda continuar con el canto, decidi\u00f3 colocar su confianza y fe en Dios. <em>\u00abTres meses despu\u00e9s de la operaci\u00f3n y muchas terapias, recibimos la noticia de que podr\u00eda retomar mi pasi\u00f3n por la m\u00fasica. En esa misma semana, naci\u00f3 \u2018Caer\u00e1n\u2019\u00bb<\/em>, comparte Natanael con gratitud.<\/p>\n\n\n\n<p>Descrita como una declaraci\u00f3n de fe, Natanael y Giovanna expresan el prop\u00f3sito principal de este tema, <em>\u00aben un tiempo donde muchos vivimos con temores e inseguridades, esta canci\u00f3n nos invita a reflexionar que con fe todo es posible\u00bb<\/em>.<\/p>\n\n\n\n<p>Al momento de pensar en la evoluci\u00f3n y futuro de la canci\u00f3n, el dueto de ra\u00edces puertorrique\u00f1as tom\u00f3 la decisi\u00f3n de grabarla completamente en vivo junto a un grupo de talentosos profesionales en audio y video, adem\u00e1s de contar con la impresionante participaci\u00f3n de un equipo de m\u00fasicos y un coro de adoradores de diferentes congregaciones. <em>\u00ab\u00a1Fue un momento inolvidable! Hubo personas que viajaron de diferentes Estados y todos, en un mismo sentir y en un ambiente especial, pudimos adorar a Dios\u00bb<\/em>.<\/p>\n\n\n\n<div class=\"wp-block-image\"><figure class=\"alignright size-large is-resized\"><img decoding=\"async\" src=\"https:\/\/generacionnueva.com.co\/wp-content\/uploads\/2021\/07\/Natanael-Giovana-1-683x1024.jpg\" alt=\"\" class=\"wp-image-911\" width=\"217\" height=\"325\" srcset=\"https:\/\/generacionnueva.com.co\/wp-content\/uploads\/2021\/07\/Natanael-Giovana-1-683x1024.jpg 683w, https:\/\/generacionnueva.com.co\/wp-content\/uploads\/2021\/07\/Natanael-Giovana-1-200x300.jpg 200w, https:\/\/generacionnueva.com.co\/wp-content\/uploads\/2021\/07\/Natanael-Giovana-1-768x1152.jpg 768w, https:\/\/generacionnueva.com.co\/wp-content\/uploads\/2021\/07\/Natanael-Giovana-1-1024x1536.jpg 1024w, https:\/\/generacionnueva.com.co\/wp-content\/uploads\/2021\/07\/Natanael-Giovana-1-1365x2048.jpg 1365w, https:\/\/generacionnueva.com.co\/wp-content\/uploads\/2021\/07\/Natanael-Giovana-1-696x1044.jpg 696w, https:\/\/generacionnueva.com.co\/wp-content\/uploads\/2021\/07\/Natanael-Giovana-1-1068x1602.jpg 1068w, https:\/\/generacionnueva.com.co\/wp-content\/uploads\/2021\/07\/Natanael-Giovana-1-1920x2880.jpg 1920w, https:\/\/generacionnueva.com.co\/wp-content\/uploads\/2021\/07\/Natanael-Giovana-1-280x420.jpg 280w, https:\/\/generacionnueva.com.co\/wp-content\/uploads\/2021\/07\/Natanael-Giovana-1-scaled.jpg 1707w\" sizes=\"(max-width: 217px) 100vw, 217px\" \/><figcaption>Natanael y Giovanna<\/figcaption><\/figure><\/div>\n\n\n\n<p>El video musical fue grabado, bajo la direcci\u00f3n y producci\u00f3n de Gabriel D\u00e1vila de Dexios Design, en un set \u00edntimo con un estilo minimalista, con el objetivo de que el enfoque principal fuera la adoraci\u00f3n. El mismo se realiz\u00f3 en la ciudad de Kissimmee, Florida, en Misi\u00f3n La Cosecha, iglesia local de Natanael y Giovanna.<\/p>\n\n\n\n<p>Con esta canci\u00f3n, el dueto musical desea compartir un mensaje de esperanza, un mensaje de fe en <em>\u00abaquel que comenz\u00f3 la buena obra en Sus hijos. Hemos vivido diferentes obst\u00e1culos, pero sin duda con \u2018Caer\u00e1n\u2019 hemos recordado la soberan\u00eda de Dios. Hemos visto Sus milagros y maravillas\u00bb<\/em>,<em> <\/em>menciona Giovanna.<\/p>\n\n\n\n<p><em>Caer\u00e1n<\/em> ya est\u00e1 disponible en todas las plataformas digitales y el video musical se estrenar\u00e1 pr\u00f3ximamente en el canal oficial de YouTube de Natanael y Giovanna.<\/p>\n\n\n\n<p>Con informaci\u00f3n de prensa Adarga Group.<\/p>\n","protected":false},"excerpt":{"rendered":"<p>El talentoso dueto de la m\u00fasica de adoraci\u00f3n, conformado por los esposos Natanael y Giovanna, invitan a sus oyentes a ser parte de una experiencia de intimidad con Dios con el lanzamiento de su sencillo musical \u00abCaer\u00e1n\u00bb. Durante una sesi\u00f3n de composici\u00f3n en las facilidades de Integrity Music y en colaboraci\u00f3n de la autora americana,&#8230;<\/p>\n","protected":false},"author":1,"featured_media":909,"comment_status":"open","ping_status":"open","sticky":false,"template":"","format":"audio","meta":{"footnotes":""},"categories":[39],"tags":[512,511,514,515,513],"class_list":["post-908","post","type-post","status-publish","format-audio","has-post-thumbnail","hentry","category-musica","tag-adoracion","tag-caeran","tag-giovanna","tag-ivan-torres","tag-natanael","post_format-post-format-audio","th-blog blog-single has-post-thumbnail"],"amp_enabled":true,"_links":{"self":[{"href":"https:\/\/generacionnueva.com.co\/index.php\/wp-json\/wp\/v2\/posts\/908","targetHints":{"allow":["GET"]}}],"collection":[{"href":"https:\/\/generacionnueva.com.co\/index.php\/wp-json\/wp\/v2\/posts"}],"about":[{"href":"https:\/\/generacionnueva.com.co\/index.php\/wp-json\/wp\/v2\/types\/post"}],"author":[{"embeddable":true,"href":"https:\/\/generacionnueva.com.co\/index.php\/wp-json\/wp\/v2\/users\/1"}],"replies":[{"embeddable":true,"href":"https:\/\/generacionnueva.com.co\/index.php\/wp-json\/wp\/v2\/comments?post=908"}],"version-history":[{"count":1,"href":"https:\/\/generacionnueva.com.co\/index.php\/wp-json\/wp\/v2\/posts\/908\/revisions"}],"predecessor-version":[{"id":912,"href":"https:\/\/generacionnueva.com.co\/index.php\/wp-json\/wp\/v2\/posts\/908\/revisions\/912"}],"wp:featuredmedia":[{"embeddable":true,"href":"https:\/\/generacionnueva.com.co\/index.php\/wp-json\/wp\/v2\/media\/909"}],"wp:attachment":[{"href":"https:\/\/generacionnueva.com.co\/index.php\/wp-json\/wp\/v2\/media?parent=908"}],"wp:term":[{"taxonomy":"category","embeddable":true,"href":"https:\/\/generacionnueva.com.co\/index.php\/wp-json\/wp\/v2\/categories?post=908"},{"taxonomy":"post_tag","embeddable":true,"href":"https:\/\/generacionnueva.com.co\/index.php\/wp-json\/wp\/v2\/tags?post=908"}],"curies":[{"name":"wp","href":"https:\/\/api.w.org\/{rel}","templated":true}]}}