{"id":899,"date":"2021-07-05T19:22:00","date_gmt":"2021-07-05T19:22:00","guid":{"rendered":"https:\/\/generacionnueva.com.co\/?p=899"},"modified":"2021-07-06T19:32:54","modified_gmt":"2021-07-06T19:32:54","slug":"krystal-guerra-witt-estrena-su-segunda-cancion","status":"publish","type":"post","link":"https:\/\/generacionnueva.com.co\/index.php\/2021\/07\/05\/krystal-guerra-witt-estrena-su-segunda-cancion\/","title":{"rendered":"Krystal Guerra Witt estrena su segunda canci\u00f3n"},"content":{"rendered":"\n<p>Tras haber debutado con su primer sencillo y videoclip,<strong> Krystal Guerra Witt<\/strong> estrena una nueva y fresca canci\u00f3n cuyos versos nacen directamente de uno de los pasajes m\u00e1s conocidos de las Escrituras. Titulada <strong><em>\u00abEn m\u00ed est\u00e1 (Salmo 23)\u00bb<\/em><\/strong>, es una r\u00edtmica y alegre declaraci\u00f3n de confianza en Dios para todos los aspectos y temporadas de la vida.<\/p>\n\n\n\n<p>El tema fue compuesto por <strong>Gloria Ventura<\/strong>, quien es actualmente la profesora de canto de <strong>Krystal<\/strong>. La producci\u00f3n corri\u00f3 a cargo de <strong>Danny Ventura<\/strong>, quien dio a la composici\u00f3n un sonido pop, puesto que este g\u00e9nero, de acuerdo al productor, siempre ser\u00e1 una tendencia que invitar\u00e1 a los ni\u00f1os a disfrutar una buena canci\u00f3n y a\u00fan m\u00e1s cuando el contenido los insta a confiar que Dios siempre est\u00e1 presente.<\/p>\n\n\n\n<p>El mensaje principal de <strong><em>\u00abEn m\u00ed est\u00e1 (Salmo 23)\u00bb<\/em><\/strong>&nbsp; es que no hay que temer a nada porque Dios est\u00e1, vive y permanece siempre en sus hijos. Adem\u00e1s de su obvia inspiraci\u00f3n en los salmos, el tema surgi\u00f3 como respuesta al tiempo de pandemia, en el que todo ha sido incierto y ha estado lleno de ansiedad, y solo la verdad de la Biblia en el Salmo 23 activ\u00f3 una esperanza de que,<em> <\/em><em>\u00ab<\/em><em>a<\/em><em>u<\/em><em>n cuando el mundo estaba alrev\u00e9s<\/em><em>,<\/em><em> Dios estuvo conmigo y me dio su paz porque <\/em><em>\u00a1<\/em><em>en m\u00ed <\/em><em>est\u00e1!\u00bb<\/em>, explica <strong>Krystal<\/strong>.<\/p>\n\n\n\n<p>La joven cantante se encuentra en su primera \u00e9poca de creaci\u00f3n y grabaci\u00f3n de nueva m\u00fasica, una experiencia que ella hab\u00eda pedido a sus padres desde peque\u00f1a. <em>\u00abEntra al estudio con ideas y con entendimiento y capacidad del lado musical muy desarrollados para su edad, resultado de estar rodeada de gente dentro de ministerios de m\u00fasica toda su vida\u00bb, <\/em>explica su madre, <strong>Elena Witt-Guerra<\/strong>, del dueto <strong>Harold y Elena<\/strong>. <em>\u00abEsta etapa de definir su estilo es especial, porque se ha emocionado mucho al escuchar las canciones en su desarrollo y luego grabar los videoclips y ver el producto final, y ahora cantarlas frente a diferentes audiencias y ver c\u00f3mo reaccionan\u00bb<\/em>.<\/p>\n\n\n\n<p>En estos d\u00edas, <strong>Krystal<\/strong> se encuentra acompa\u00f1ando a sus padres en la gira que llevan a cabo por las ciudades norteamericanas de Las Vegas, Los \u00c1ngeles, San Diego y Nueva York, en donde tambi\u00e9n se estar\u00e1 presentando.<\/p>\n\n\n\n<p>El videoclip, que se estrena ma\u00f1ana en el canal oficial de<strong> Krystal<\/strong> en YouTube, es un din\u00e1mico registro visual, con una \u00e1gil edici\u00f3n cuyos efectos traen a la memoria las pel\u00edculas caseras en el formato Super-8 y en el sistema VHS, algo muy apropiado para el sonido pop de la canci\u00f3n. Fue dirigido por <strong>Edy Mart\u00ednez<\/strong> (<strong>SR817<\/strong>), en colaboraci\u00f3n con <strong>Luis Abrego<\/strong> (<strong>424 Films)<\/strong>.<\/p>\n\n\n\n<p><strong><em>\u00abEn m\u00ed est\u00e1 (Salmo 23)\u00bb<\/em><\/strong>, nuevo sencillo de <strong>Krystal Guerra Witt<\/strong>, es lanzado internacionalmente por el sello <strong>CanZion<\/strong>, que lo ha puesto a la disposici\u00f3n del p\u00fablico en todas las plataformas.<\/p>\n\n\n\n<p><em>Con informaci\u00f3n Allegra Agencia<\/em><\/p>\n","protected":false},"excerpt":{"rendered":"<p>Tras haber debutado con su primer sencillo y videoclip, Krystal Guerra Witt estrena una nueva y fresca canci\u00f3n cuyos versos nacen directamente de uno de los pasajes m\u00e1s conocidos de las Escrituras. Titulada \u00abEn m\u00ed est\u00e1 (Salmo 23)\u00bb, es una r\u00edtmica y alegre declaraci\u00f3n de confianza en Dios para todos los aspectos y temporadas de&#8230;<\/p>\n","protected":false},"author":1,"featured_media":901,"comment_status":"open","ping_status":"open","sticky":false,"template":"","format":"video","meta":{"footnotes":""},"categories":[39],"tags":[505,503,504,500,501,502],"class_list":["post-899","post","type-post","status-publish","format-video","has-post-thumbnail","hentry","category-musica","tag-danny-ventura","tag-en-mi-esta","tag-gloria-ventura","tag-krystal-guerra","tag-krystal-guerra-witt","tag-salmo-23","post_format-post-format-video","th-blog blog-single has-post-thumbnail"],"amp_enabled":true,"_links":{"self":[{"href":"https:\/\/generacionnueva.com.co\/index.php\/wp-json\/wp\/v2\/posts\/899","targetHints":{"allow":["GET"]}}],"collection":[{"href":"https:\/\/generacionnueva.com.co\/index.php\/wp-json\/wp\/v2\/posts"}],"about":[{"href":"https:\/\/generacionnueva.com.co\/index.php\/wp-json\/wp\/v2\/types\/post"}],"author":[{"embeddable":true,"href":"https:\/\/generacionnueva.com.co\/index.php\/wp-json\/wp\/v2\/users\/1"}],"replies":[{"embeddable":true,"href":"https:\/\/generacionnueva.com.co\/index.php\/wp-json\/wp\/v2\/comments?post=899"}],"version-history":[{"count":1,"href":"https:\/\/generacionnueva.com.co\/index.php\/wp-json\/wp\/v2\/posts\/899\/revisions"}],"predecessor-version":[{"id":900,"href":"https:\/\/generacionnueva.com.co\/index.php\/wp-json\/wp\/v2\/posts\/899\/revisions\/900"}],"wp:featuredmedia":[{"embeddable":true,"href":"https:\/\/generacionnueva.com.co\/index.php\/wp-json\/wp\/v2\/media\/901"}],"wp:attachment":[{"href":"https:\/\/generacionnueva.com.co\/index.php\/wp-json\/wp\/v2\/media?parent=899"}],"wp:term":[{"taxonomy":"category","embeddable":true,"href":"https:\/\/generacionnueva.com.co\/index.php\/wp-json\/wp\/v2\/categories?post=899"},{"taxonomy":"post_tag","embeddable":true,"href":"https:\/\/generacionnueva.com.co\/index.php\/wp-json\/wp\/v2\/tags?post=899"}],"curies":[{"name":"wp","href":"https:\/\/api.w.org\/{rel}","templated":true}]}}