{"id":856,"date":"2021-06-04T19:53:00","date_gmt":"2021-06-04T19:53:00","guid":{"rendered":"https:\/\/generacionnueva.com.co\/?p=856"},"modified":"2021-06-05T20:03:30","modified_gmt":"2021-06-05T20:03:30","slug":"escucha-padre-nuestro-de-la-banda-mexicana-alfarero-musica","status":"publish","type":"post","link":"https:\/\/generacionnueva.com.co\/index.php\/2021\/06\/04\/escucha-padre-nuestro-de-la-banda-mexicana-alfarero-musica\/","title":{"rendered":"Escucha &#8216;Padre Nuestro&#8217; de la banda mexicana Alfarero M\u00fasica"},"content":{"rendered":"\n<p><strong>Alfarero M\u00fasica<\/strong>, ministerio de adoraci\u00f3n surgido de la iglesia <strong>Alfarero<\/strong>, en la ciudad mexicana de <strong>Monterrey<\/strong>, nos trae su segunda producci\u00f3n discogr\u00e1fica titulada <strong>\u00abPadre nuestro\u00bb<\/strong>, que est\u00e1 compuesta por seis temas de adoraci\u00f3n contempor\u00e1nea.<\/p>\n\n\n\n<figure class=\"wp-block-audio\"><audio controls src=\"https:\/\/generacionnueva.com.co\/wp-content\/uploads\/2021\/06\/Padre-nuestro-radio-edit.mp3\"><\/audio><\/figure>\n\n\n\n<p>Con influencias de la m\u00fasica de Elevation Worship y Bethel Music, las canciones de<strong> Alfarero M\u00fasica<\/strong> hallan su inspiraci\u00f3n y su base en las Escrituras, como es patente en el sencillo con el que presentan el \u00e1lbum y que lleva el nombre de la producci\u00f3n, <strong><em>\u00abPadre nuestro\u00bb<\/em><\/strong> \u2014interpretado por <strong>Javier Gonz\u00e1lez<\/strong>\u2014 que reproduce la oraci\u00f3n modelo ense\u00f1ada por Jesucristo a sus disc\u00edpulos. Otro tema que destacar es el titulado <strong><em>\u00abTres en Uno\u00bb<\/em><\/strong> en el que <strong>Javier<\/strong> es acompa\u00f1ado en la interpretaci\u00f3n por <strong>Omar Rodr\u00edguez<\/strong>, voz l\u00edder del ministerio <strong>En Esp\u00edritu y en Verdad<\/strong>, y con quien decidieron trabajar para la producci\u00f3n del \u00e1lbum.<\/p>\n\n\n\n<p>De acuerdo con <strong>Jos\u00edas Onoto<\/strong> \u2014actual l\u00edder del grupo y quien tambi\u00e9n realiz\u00f3 la mezcla y la masterizaci\u00f3n del \u00e1lbum\u2014 el equipo se enfoca mucho <em>\u00aben <\/em><em>describir a Dios como \u00e9l es<\/em><em>,<\/em><em> seg\u00fan <\/em><em>su<\/em><em> Palabra<\/em><em>: <\/em><em>el digno Dios en tres personas: Padre, Hijo y Esp\u00edritu. Este Padre nos salv\u00f3 de la muerte eterna<\/em><em> a trav\u00e9s de su Hijo, Jesucristo,<\/em><em> y nos da vida junto con \u00e9l para siempre<\/em><em>\u00bb.<\/em><\/p>\n\n\n\n<p><strong>Alfarero M\u00fasica <\/strong>est\u00e1 conformado por los miembros del equipo de alabanza de la iglesia <strong>Alfarero<\/strong>, quienes siempre se han preocupado porque sus canciones tengan un mensaje teol\u00f3gico profundo. <em>\u00ab<\/em><em>Deseamos que en ellas se hable el evangelio completo y que en los versos haya una descripci\u00f3n certera de los atributos de Dios descritos en Su Palabra<\/em><em>\u00bb<\/em>, afirma <strong>Jos\u00edas<\/strong>, agregando que este \u00e1lbum no tiene una larga historia como trasfondo, ya que las canciones no fueron compuestas como resultado del aprendizaje de momentos duros o algo similar, pero <em>\u00ab<\/em><em>s\u00ed tiene un prop\u00f3sito muy claro: presentar al Dios Trino, descrito en la Biblia, como &#8220;<\/em><em>P<\/em><em>adre nuestro&#8221; que nos ha rescatado de <\/em><em>s<\/em><em>u ira y de la muerte mediante la persona de Jes\u00fas con el poder del Esp\u00edritu Santo. Este \u00e1lbum es fruto de la b\u00fasqueda constante de Dios, es el evangelio y es la descripci\u00f3n de Jes\u00fas<\/em><em>\u00bb<\/em><em>.<\/em><\/p>\n\n\n\n<p>Realmente <strong>\u00abPadre nuestro\u00bb<\/strong> viene de <em>\u00ab<\/em><em>buscar constantemente al Se\u00f1or y seguir estudiando <\/em><em>s<\/em><em>u Palabra para poder producir una doxolog\u00eda que le grlorifique<\/em><em>\u00bb<\/em>, explica <strong>Onoto<\/strong>. <em>\u00ab<\/em><em>Creemos que no tenemos que esperar a que nos acontezcan cosas para poder escribir y adorar a Dios con nuevas canciones<\/em><em>\u00bb<\/em><em>.<\/em><\/p>\n\n\n\n<p>La banda siente haber experimentado un crecimiento en los aspectos musical y t\u00e9cnico al trabajar con <strong>Rodr\u00edguez<\/strong> y con <strong>Obed Mart\u00ednez<\/strong>, quien tambi\u00e9n particip\u00f3. Aunado a eso, sienten que con la mezcla y masterizaci\u00f3n lograron un nivel profesional. A diferencia de su anterior \u00e1lbum, para <strong>\u00abPadre nuestro\u00bb<\/strong> buscaron que la voz de la iglesia fuera semejante a un instrumento m\u00e1s, presente y con buen volumen, dado que las canciones fueron dise\u00f1adas para ser cantadas en y por la iglesia.<\/p>\n\n\n\n<p>Ahora el grupo tiene un director de alabanza, cuya misi\u00f3n es enfocarse enteramente en la direcci\u00f3n y producci\u00f3n de <strong>Alfarero<\/strong><strong> M\u00fasica<\/strong>. Como resultado esperan poder tener lanzamientos musicales con mayor frecuencia y evitar un camino tan largo como el que tuvieron que transitar \u2014dos a\u00f1os\u2014 para el \u00e1lbum que hoy estrenan. Hoy buscan trabajar de una forma m\u00e1s fluida y glorificar al Se\u00f1or con este orden.<\/p>\n\n\n\n<p>En una temporada que se aproxima a superar la pandemia por COVID-19, las invitaciones comienzan a llegar para <strong>Alfarero M\u00fasica<\/strong>, principalmente para congresos y noches de adoraci\u00f3n. El equipo est\u00e1 abierto y contento por esto, si bien no fue algo que ellos buscaran, pero descubren que participar en esos eventos es otra forma de glorificar a Dios.<\/p>\n\n\n\n<p>Todas las canciones de esta producci\u00f3n tendr\u00e1n un videoclip oficial. En el caso del sencillo <strong><em>\u00abPadre nuestro\u00bb<\/em><\/strong>, el videoclip se estrenar\u00e1 el pr\u00f3ximo martes 8 de junio en el canal oficial de la banda en YouTube. Cabe destacar que dos de los temas son versiones ac\u00fasticas de temas que originalmente lanzaron en su primera producci\u00f3n.<\/p>\n\n\n\n<p><em>\u00abCon <\/em><strong>\u00a0\u201cPadre nuestro\u201d<\/strong><em> buscamos recordar al oyente que el Dios Trino, el Padre bueno, el digno Dios, Jes\u00fas, siempre estar\u00e1 con los brazos abiertos para que corramos a \u00e9l\u00bb, finaliza <\/em><strong>Jos\u00edas Onoto.<\/strong> El sencillo<strong><em> \u00abPadre nuestro\u00bb <\/em><\/strong>y el \u00e1lbum del mismo nombre ya est\u00e1n disponibles en todas las plataformas como un lanzamiento internacional independiente de <strong>Alfarero M\u00fasica<\/strong>.nos <\/p>\n","protected":false},"excerpt":{"rendered":"<p>Alfarero M\u00fasica, ministerio de adoraci\u00f3n surgido de la iglesia Alfarero, en la ciudad mexicana de Monterrey, nos trae su segunda producci\u00f3n discogr\u00e1fica titulada \u00abPadre nuestro\u00bb, que est\u00e1 compuesta por seis temas de adoraci\u00f3n contempor\u00e1nea. Con influencias de la m\u00fasica de Elevation Worship y Bethel Music, las canciones de Alfarero M\u00fasica hallan su inspiraci\u00f3n y su&#8230;<\/p>\n","protected":false},"author":1,"featured_media":857,"comment_status":"open","ping_status":"open","sticky":false,"template":"","format":"audio","meta":{"footnotes":""},"categories":[39],"tags":[457,462,460,459,458,461],"class_list":["post-856","post","type-post","status-publish","format-audio","has-post-thumbnail","hentry","category-musica","tag-alfarero-musica","tag-en-espiritu-y-en-verdad","tag-javier-gonzalez","tag-monterrey","tag-padre-nuestro","tag-tres-en-uno","post_format-post-format-audio","th-blog blog-single has-post-thumbnail"],"amp_enabled":true,"_links":{"self":[{"href":"https:\/\/generacionnueva.com.co\/index.php\/wp-json\/wp\/v2\/posts\/856","targetHints":{"allow":["GET"]}}],"collection":[{"href":"https:\/\/generacionnueva.com.co\/index.php\/wp-json\/wp\/v2\/posts"}],"about":[{"href":"https:\/\/generacionnueva.com.co\/index.php\/wp-json\/wp\/v2\/types\/post"}],"author":[{"embeddable":true,"href":"https:\/\/generacionnueva.com.co\/index.php\/wp-json\/wp\/v2\/users\/1"}],"replies":[{"embeddable":true,"href":"https:\/\/generacionnueva.com.co\/index.php\/wp-json\/wp\/v2\/comments?post=856"}],"version-history":[{"count":1,"href":"https:\/\/generacionnueva.com.co\/index.php\/wp-json\/wp\/v2\/posts\/856\/revisions"}],"predecessor-version":[{"id":859,"href":"https:\/\/generacionnueva.com.co\/index.php\/wp-json\/wp\/v2\/posts\/856\/revisions\/859"}],"wp:featuredmedia":[{"embeddable":true,"href":"https:\/\/generacionnueva.com.co\/index.php\/wp-json\/wp\/v2\/media\/857"}],"wp:attachment":[{"href":"https:\/\/generacionnueva.com.co\/index.php\/wp-json\/wp\/v2\/media?parent=856"}],"wp:term":[{"taxonomy":"category","embeddable":true,"href":"https:\/\/generacionnueva.com.co\/index.php\/wp-json\/wp\/v2\/categories?post=856"},{"taxonomy":"post_tag","embeddable":true,"href":"https:\/\/generacionnueva.com.co\/index.php\/wp-json\/wp\/v2\/tags?post=856"}],"curies":[{"name":"wp","href":"https:\/\/api.w.org\/{rel}","templated":true}]}}