{"id":817,"date":"2021-05-06T22:56:46","date_gmt":"2021-05-06T22:56:46","guid":{"rendered":"https:\/\/generacionnueva.com.co\/?p=817"},"modified":"2021-05-07T01:19:09","modified_gmt":"2021-05-07T01:19:09","slug":"s-o-s-colombia-porque-la-guerra-es-mas-grande-de-lo-que-pensamos","status":"publish","type":"post","link":"https:\/\/generacionnueva.com.co\/index.php\/2021\/05\/06\/s-o-s-colombia-porque-la-guerra-es-mas-grande-de-lo-que-pensamos\/","title":{"rendered":"S.O.S COLOMBIA: PORQUE LA GUERRA ES M\u00c1S GRANDE DE LO QUE PENSAMOS"},"content":{"rendered":"\n<p>Los \u00faltimos d\u00edas para <strong>Colombia <\/strong>han estado manchados por sangre como consecuencia de la intolerancia ante la discrepancia de pensamientos, pero sobre todo por la falta de di\u00e1logo. Somos un medio colombiano y no podemos ser ajenos a los acontecimientos de orden p\u00fablico por la <strong>crisis socioecon\u00f3mica y pol\u00edtica<\/strong> que afronta el pa\u00eds para dar nuestra postura desde la cosmovisi\u00f3n cristiana.<\/p>\n\n\n\n<p>Desde el 28 de abril, de forma consecutiva, se han venido desarrollando las protestas del pueblo debido al desacuerdo por el proyecto de reforma tributaria que planteaba el gobierno para lograr recaudar 25 billones de pesos para subsanar el d\u00e9ficit fiscal del pa\u00eds. Sin embargo, al cabo de varios d\u00edas en los que se presentaron muertes, heridos y desaparecidos en varias zonas del pa\u00eds, el presidente de la rep\u00fablica Iv\u00e1n Duque decidi\u00f3 retirar el proyecto del congreso para que se redacte de nuevo de forma consensuada.<\/p>\n\n\n\n<p>Sin embargo, el plant\u00f3n nacional no par\u00f3, sino que se dio oportuno por el pueblo desahogar la frustraci\u00f3n y rabia por la <strong>desigualdad evidente en el pa\u00eds<\/strong> por los niveles altos de pobreza, por la negaci\u00f3n de una vida digna con derechos fundamentales como la salud (reforma a la salud) y la educaci\u00f3n, adem\u00e1s por la represi\u00f3n a tantos l\u00edderes sociales que han dejado este mundo asesinados por simplemente levantar su voz para reclamar por los derechos, tambi\u00e9n como proteger el medio ambiente de maniobras perjudiciales como el fracking.<\/p>\n\n\n\n<p>En esta protesta muchos de los ciudadanos, j\u00f3venes e ind\u00edgenas se han tomado las calles para reaccionar de forma pac\u00edfica y se han encontrado con la reacci\u00f3n de la fuerza p\u00fablica, teniendo que responder con violencia; por el otro lado est\u00e1n los polic\u00edas y miembros del <strong>esmad<\/strong> que se encontraron con la delincuencia com\u00fan infiltrada entre los manifestantes, que han saqueado establecimientos comerciales y han agredido&nbsp; hasta llegar a asesinar tambi\u00e9n a los uniformados, y estos han tenido que incrementar su violencia. Algunos uniformados cual si tuvieren sangre en el ojo han cometido homicidios indiscriminados con su exceso de fuerza, actitudes completamente inhumanas.<\/p>\n\n\n\n<p>Violencia m\u00e1s violencia da como resultado muerte. La violencia es como un veneno que no respeta ni al inocente ni al culpable, cualquiera que lo beba. Tanto los polic\u00edas como los inocentes que han derramado su sangre en este paro nacional en Colombia han sido las v\u00edctimas de algo mucho m\u00e1s complejo y es una guerra espiritual. Sabemos c\u00f3mo cristianos que la palabra nos orienta en todo y para todo, por eso es necesario recurrir a ella en <strong>Efesios 6:12 <\/strong>\u201cPorque no tenemos lucha contra sangre y carne, sino contra principados, contra potestades, contra los gobernadores de las tinieblas de este siglo, contra huestes espirituales de maldad en las regiones celestes\u201d.<\/p>\n\n\n\n<p>Todo es claro y como cristianos no podemos ser espectadores, <strong>la iglesia tambi\u00e9n debe ir a la protesta, debe ir a la guerra <\/strong>con las armas que ya nos han sido entregadas, las armas espirituales de gran calibre: el poder de la oraci\u00f3n y el ayuno.<\/p>\n\n\n\n<p>Llueven las cr\u00edticas en las redes sociales porque las iglesias cristianas no se est\u00e1n pronunciando con respecto a las manifestaciones y tienen raz\u00f3n. Como soldados de Cristo nos debemos hacer sentir y mostrar con el mejor argumento, con la Palabra de Dios, este es el verdadero camino a la paz, a una vida digna.<\/p>\n","protected":false},"excerpt":{"rendered":"<p>Los \u00faltimos d\u00edas para Colombia han estado manchados por sangre como consecuencia de la intolerancia ante la discrepancia de pensamientos, pero sobre todo por la falta de di\u00e1logo. Somos un medio colombiano y no podemos ser ajenos a los acontecimientos de orden p\u00fablico por la crisis socioecon\u00f3mica y pol\u00edtica que afronta el pa\u00eds para dar&#8230;<\/p>\n","protected":false},"author":1,"featured_media":818,"comment_status":"open","ping_status":"open","sticky":false,"template":"","format":"standard","meta":{"footnotes":""},"categories":[36,46],"tags":[432,112,430,437,429,433,434,436,435,431,428,427],"class_list":["post-817","post","type-post","status-publish","format-standard","has-post-thumbnail","hentry","category-actualidad","category-editorial","tag-asesinato-de-inocente","tag-colombia","tag-conmocion-interior","tag-derechos-humanos","tag-ivan-duque","tag-mueren-manifestantes","tag-muerte-de-policias","tag-paro-nacional-colombia","tag-protesta-en-colombia","tag-reforma-a-la-salud","tag-reforma-tributaria","tag-sos-colombia","th-blog blog-single has-post-thumbnail"],"amp_enabled":true,"_links":{"self":[{"href":"https:\/\/generacionnueva.com.co\/index.php\/wp-json\/wp\/v2\/posts\/817","targetHints":{"allow":["GET"]}}],"collection":[{"href":"https:\/\/generacionnueva.com.co\/index.php\/wp-json\/wp\/v2\/posts"}],"about":[{"href":"https:\/\/generacionnueva.com.co\/index.php\/wp-json\/wp\/v2\/types\/post"}],"author":[{"embeddable":true,"href":"https:\/\/generacionnueva.com.co\/index.php\/wp-json\/wp\/v2\/users\/1"}],"replies":[{"embeddable":true,"href":"https:\/\/generacionnueva.com.co\/index.php\/wp-json\/wp\/v2\/comments?post=817"}],"version-history":[{"count":2,"href":"https:\/\/generacionnueva.com.co\/index.php\/wp-json\/wp\/v2\/posts\/817\/revisions"}],"predecessor-version":[{"id":822,"href":"https:\/\/generacionnueva.com.co\/index.php\/wp-json\/wp\/v2\/posts\/817\/revisions\/822"}],"wp:featuredmedia":[{"embeddable":true,"href":"https:\/\/generacionnueva.com.co\/index.php\/wp-json\/wp\/v2\/media\/818"}],"wp:attachment":[{"href":"https:\/\/generacionnueva.com.co\/index.php\/wp-json\/wp\/v2\/media?parent=817"}],"wp:term":[{"taxonomy":"category","embeddable":true,"href":"https:\/\/generacionnueva.com.co\/index.php\/wp-json\/wp\/v2\/categories?post=817"},{"taxonomy":"post_tag","embeddable":true,"href":"https:\/\/generacionnueva.com.co\/index.php\/wp-json\/wp\/v2\/tags?post=817"}],"curies":[{"name":"wp","href":"https:\/\/api.w.org\/{rel}","templated":true}]}}