{"id":805,"date":"2021-04-20T22:54:00","date_gmt":"2021-04-20T22:54:00","guid":{"rendered":"https:\/\/generacionnueva.com.co\/?p=805"},"modified":"2021-05-02T23:06:01","modified_gmt":"2021-05-02T23:06:01","slug":"5-preguntas-sobre-la-perdida-del-olfato-y-del-gusto-por-el-virus-del-covid-19","status":"publish","type":"post","link":"https:\/\/generacionnueva.com.co\/index.php\/2021\/04\/20\/5-preguntas-sobre-la-perdida-del-olfato-y-del-gusto-por-el-virus-del-covid-19\/","title":{"rendered":"5 preguntas sobre la p\u00e9rdida del olfato y del gusto por el virus del Covid-19"},"content":{"rendered":"\n<p>La p\u00e9rdida del olfato y del gusto no solo son s\u00edntomas de Covid-19, tambi\u00e9n son unas de las secuelas m\u00e1s comunes y molestas del virus, afectando al 80% de las personas infectadas. Estos s\u00edntomas, en muchos de los casos, son los primeros que se manifiestan tras contraer Covid-19 y son una se\u00f1al de que otras dolencias como fiebre, tos seca, entre otros, pueden aparecer.&nbsp;&nbsp;<\/p>\n\n\n\n<p>Hasta el momento no se ha comprobado que exista un patr\u00f3n entre las personas que sufren de anosmia y ageusia, como se le llama cient\u00edficamente a la p\u00e9rdida del olfato y el gusto, y tampoco se conoce por qu\u00e9 en algunos pacientes se convierte en una secuela de Covid-19 que puede durar desde unas semanas hasta un a\u00f1o. Sin embargo, es necesario tener en cuenta que la p\u00e9rdida de estos sentidos no solo de asocia al virus, sino tambi\u00e9n a patolog\u00edas como rinitis, p\u00f3lipos o tumores en la zona olfatoria, alergias cong\u00e9nitas, accidentes o traumas por golpes en la zona de la cabeza.&nbsp;&nbsp;<\/p>\n\n\n\n<p>\u201cLa p\u00e9rdida de estos dos sentidos por el virus Covid-19 se debe, por un lado, a la inflamaci\u00f3n en la hendidura olfatoria, la cual se encuentra en la parte superior de la nariz, lo que impide percibir aromas, y, por el otro lado, a una alteraci\u00f3n en las papilas gustativas de la lengua, encargadas de la percepci\u00f3n del gusto y los sabores\u201d, afirm\u00f3 el doctor Fernando Manrique, otorrinolaring\u00f3logo adscrito a Colsanitas.&nbsp;<\/p>\n\n\n\n<p>Aunque a\u00fan no se conoce por qu\u00e9 afecta a unas personas y a otras no, a continuaci\u00f3n, el experto responde 5 preguntas que le permitir\u00e1n despejar sus dudas sobre este tema:&nbsp;<\/p>\n\n\n\n<ul class=\"wp-block-list\"><li><strong>\u00bfHay factores predeterminantes con los que se asocia la p\u00e9rdida del olfato o del gusto?&nbsp;<\/strong>S\u00ed, el tiempo de exposici\u00f3n al virus y la carga viral recibida en el contagio. Adicionalmente, si las defensas est\u00e1n bajas, se incrementa la probabilidad de p\u00e9rdida de estos sentidos.&nbsp;<\/li><li><strong>\u00bfEs posible sufrir solo una de las dos condiciones?<\/strong>&nbsp;S\u00ed, hay casos en que los pacientes padecen p\u00e9rdida del olfato, pero siguen percibiendo los sabores. Sin embargo, como la percepci\u00f3n del sabor y el olor de los alimentos est\u00e1n vinculadas, la persona puede identificar que est\u00e1 comiendo algo dulce, pero no distinguir qu\u00e9 es.&nbsp;<\/li><li><strong>\u00bfCu\u00e1nto tiempo dura la p\u00e9rdida del olfato y el gusto?&nbsp;<\/strong>Hasta el momento no se ha determinado un tiempo espec\u00edfico debido a que cada caso es \u00fanico. Puede durar unos pocos d\u00edas, semanas o incluso hay pacientes que despu\u00e9s de un a\u00f1o siguen sin recuperar sus sentidos. Todo depende del proceso inflamatorio causado por el Covid-19 y las afecciones infecciosas-bacterianas que haya provocado.&nbsp;<\/li><li><strong>\u00bfExiste un tratamiento?&nbsp;<\/strong>S\u00ed, existen tratamientos farmacol\u00f3gicos especialmente corticoides orales e inhalados, complementados con algunas vitaminas, para recuperar los tejidos da\u00f1ados. Por otro lado, existen terapias olfativas que sirven como un entrenamiento del olfato. Sin embargo, el tratamiento lo debe decidir \u00fanicamente un profesional de la salud, debido a que cada caso puede tener requerimientos diferentes.&nbsp;<\/li><li><strong>\u00bfUna persona puede perder los sentidos por completo?&nbsp;<\/strong>No, es improbable que una persona pierda los sentidos de manera definitiva por el Covid-19, ya que todos los tejidos afectados se pueden regenerar. Sin embargo, este es un proceso que puede tomar tiempo y que tiene como consecuencia que la percepci\u00f3n de olores y sabores nunca vuelva a ser igual.&nbsp;<br><strong>&nbsp;<\/strong><\/li><\/ul>\n\n\n\n<p>Aunque el virus del Covid-19 a\u00fan genera incertidumbre en cuanto a sus s\u00edntomas y secuelas, lo \u00fanico cierto por el momento es que es necesario continuar con las tres medidas principales de autocuidado y bioseguridad: uso de tapabocas, lavado de manos y distanciamiento social.<\/p>\n","protected":false},"excerpt":{"rendered":"<p>La p\u00e9rdida del olfato y del gusto no solo son s\u00edntomas de Covid-19, tambi\u00e9n son unas de las secuelas m\u00e1s comunes y molestas del virus, afectando al 80% de las personas infectadas. Estos s\u00edntomas, en muchos de los casos, son los primeros que se manifiestan tras contraer Covid-19 y son una se\u00f1al de que otras&#8230;<\/p>\n","protected":false},"author":1,"featured_media":806,"comment_status":"open","ping_status":"open","sticky":false,"template":"","format":"standard","meta":{"footnotes":""},"categories":[49],"tags":[103,417],"class_list":["post-805","post","type-post","status-publish","format-standard","has-post-thumbnail","hentry","category-bienestar","tag-covid-19","tag-tratamiento","th-blog blog-single has-post-thumbnail"],"amp_enabled":true,"_links":{"self":[{"href":"https:\/\/generacionnueva.com.co\/index.php\/wp-json\/wp\/v2\/posts\/805","targetHints":{"allow":["GET"]}}],"collection":[{"href":"https:\/\/generacionnueva.com.co\/index.php\/wp-json\/wp\/v2\/posts"}],"about":[{"href":"https:\/\/generacionnueva.com.co\/index.php\/wp-json\/wp\/v2\/types\/post"}],"author":[{"embeddable":true,"href":"https:\/\/generacionnueva.com.co\/index.php\/wp-json\/wp\/v2\/users\/1"}],"replies":[{"embeddable":true,"href":"https:\/\/generacionnueva.com.co\/index.php\/wp-json\/wp\/v2\/comments?post=805"}],"version-history":[{"count":1,"href":"https:\/\/generacionnueva.com.co\/index.php\/wp-json\/wp\/v2\/posts\/805\/revisions"}],"predecessor-version":[{"id":807,"href":"https:\/\/generacionnueva.com.co\/index.php\/wp-json\/wp\/v2\/posts\/805\/revisions\/807"}],"wp:featuredmedia":[{"embeddable":true,"href":"https:\/\/generacionnueva.com.co\/index.php\/wp-json\/wp\/v2\/media\/806"}],"wp:attachment":[{"href":"https:\/\/generacionnueva.com.co\/index.php\/wp-json\/wp\/v2\/media?parent=805"}],"wp:term":[{"taxonomy":"category","embeddable":true,"href":"https:\/\/generacionnueva.com.co\/index.php\/wp-json\/wp\/v2\/categories?post=805"},{"taxonomy":"post_tag","embeddable":true,"href":"https:\/\/generacionnueva.com.co\/index.php\/wp-json\/wp\/v2\/tags?post=805"}],"curies":[{"name":"wp","href":"https:\/\/api.w.org\/{rel}","templated":true}]}}