{"id":800,"date":"2021-05-02T22:40:42","date_gmt":"2021-05-02T22:40:42","guid":{"rendered":"https:\/\/generacionnueva.com.co\/?p=800"},"modified":"2021-05-02T22:40:50","modified_gmt":"2021-05-02T22:40:50","slug":"omar-rodriguez-y-art-aguilera-interpretan-gracia-sublime-es","status":"publish","type":"post","link":"https:\/\/generacionnueva.com.co\/index.php\/2021\/05\/02\/omar-rodriguez-y-art-aguilera-interpretan-gracia-sublime-es\/","title":{"rendered":"Omar Rodr\u00edguez y Art Aguilera interpretan \u00abGracia sublime es\u00bb"},"content":{"rendered":"\n<p><strong>Omar Rodr\u00edguez<\/strong> presenta su nuevo sencillo, <strong><em>\u00abGracia sublime es\u00bb<\/em><\/strong>, grabado en vivo, que es parte de la nueva producci\u00f3n discogr\u00e1fica pronta a estrenarse. En esta ocasi\u00f3n, es acompa\u00f1ado por <strong>Art Aguilera <\/strong>en la interpretaci\u00f3n de este cl\u00e1sico contempor\u00e1neo de alabanza.<\/p>\n\n\n\n<figure class=\"wp-block-audio\"><audio controls src=\"https:\/\/generacionnueva.com.co\/wp-content\/uploads\/2021\/05\/Gracia-sublime-es.mp3\"><\/audio><\/figure>\n\n\n\n<p>Este canto favorito de adoraci\u00f3n originalmente fue lanzado por <strong>Phil Wickham<\/strong>, y en su momento fue dado a conocer a la iglesia de habla hispana de todo el mundo por la voz de <strong>Omar Rodr\u00edguez<\/strong>, a trav\u00e9s de la versi\u00f3n en espa\u00f1ol de En Esp\u00edritu y en Verdad. Hoy presenta su propia versi\u00f3n, su expresi\u00f3n de alabanza captada en vivo en Old Sacramento, distrito hist\u00f3rico de la capital de California. <em>\u00ab<\/em><em>Quisimos darle un toque diferente a esta canci\u00f3n que es tan conocida por mucha gente<\/em><em>\u00bb<\/em>, comenta <strong>Omar<\/strong>.<\/p>\n\n\n\n<p><em>\u00ab<\/em><em>Estoy muy contento de haber sido parte de este proyecto junto con mi amigo<\/em><em>\u00bb<\/em>, expresa por su parte<strong> Art Aguilera<\/strong>. <em>\u00ab<\/em><em>Esta canci\u00f3n ha sido de tanta bendici\u00f3n para mucha gente y es un privilegio interpretarla junto con <strong>Omar<\/strong><\/em><em>\u00bb.<\/em><\/p>\n\n\n\n<p>A trav\u00e9s de este tema, <strong>Omar Rodr\u00edguez<\/strong> y <strong>Art Aguilera<\/strong> rinden honor a Jesucristo al declarar la gracia infinita de Dios, que <strong>Omar<\/strong> ha experimentado y que le ha llevado a dedicar su vida a llevar a la gente a conectarse con Dios a trav\u00e9s de la adoraci\u00f3n. Ahora como solista lo hace a trav\u00e9s de sus propias canciones, pero no pod\u00eda dejar pasar la ocasi\u00f3n de grabar este tema tan significativo en su carrera.<\/p>\n\n\n\n<p><em>\u00ab<\/em><em>Estoy muy emocionado por esta nueva etapa como solista<\/em><em>\u00bb<\/em>, ha expresado <strong>Omar Rodr\u00edguez<\/strong>, para quien cada vez se acerca m\u00e1s el momento de presentar&nbsp; \u00abSesiones en vivo \u2013 Old Sacramento\u00bb, la nueva producci\u00f3n en la que ha trabajado recientemente y de la que ya se ha desprendido el sencillo <em>\u00abTumbas a jardines\u00bb<\/em>, seguido por este nuevo lanzamiento.<\/p>\n\n\n\n<p>Con este estreno, <strong>Omar<\/strong> anuncia la reactivaci\u00f3n de sus presentaciones. El viernes 7 y s\u00e1bado 8 de mayo se presentar\u00e1 en dos noches de alabanza en Calexico, California. El 15 y 17 de junio visitar\u00e1 Las Vegas, Nevada, y m\u00e1s adelante, el 23 y 24 de ese mismo mes, participar\u00e1 en <strong>\u00abAlzando el Vuelo\u00bb<\/strong>, un congreso a realizarse en Tierra Alta, en el estado mexicano de Morelos, organizado por la <strong>Juventud Pr\u00edncipe de Paz<\/strong>.<\/p>\n\n\n\n<p>El sencillo <strong><em>\u00abGracia sublime es\u00bb<\/em><\/strong>, de Omar Rodr\u00edguez, <em>feat. <\/em><strong>Art Aguilera<\/strong>, ya est\u00e1 disponible en todas las plataformas, lanzado internacionalmente por el sello <strong>Heaven Music<\/strong>. El videoclip ser\u00e1 lanzado justo en una semana, el jueves 6 de mayo, en el canal <strong>Omar Rodr\u00edguez Music<\/strong>, en YouTube.<\/p>\n","protected":false},"excerpt":{"rendered":"<p>Omar Rodr\u00edguez presenta su nuevo sencillo, \u00abGracia sublime es\u00bb, grabado en vivo, que es parte de la nueva producci\u00f3n discogr\u00e1fica pronta a estrenarse. En esta ocasi\u00f3n, es acompa\u00f1ado por Art Aguilera en la interpretaci\u00f3n de este cl\u00e1sico contempor\u00e1neo de alabanza. Este canto favorito de adoraci\u00f3n originalmente fue lanzado por Phil Wickham, y en su momento&#8230;<\/p>\n","protected":false},"author":1,"featured_media":802,"comment_status":"open","ping_status":"open","sticky":false,"template":"","format":"standard","meta":{"footnotes":""},"categories":[36,39],"tags":[410,408,409,411],"class_list":["post-800","post","type-post","status-publish","format-standard","has-post-thumbnail","hentry","category-actualidad","category-musica","tag-art-aguilera","tag-gracia-sublime-es","tag-omar-rodriguez","tag-phil-wickman","th-blog blog-single has-post-thumbnail"],"amp_enabled":true,"_links":{"self":[{"href":"https:\/\/generacionnueva.com.co\/index.php\/wp-json\/wp\/v2\/posts\/800","targetHints":{"allow":["GET"]}}],"collection":[{"href":"https:\/\/generacionnueva.com.co\/index.php\/wp-json\/wp\/v2\/posts"}],"about":[{"href":"https:\/\/generacionnueva.com.co\/index.php\/wp-json\/wp\/v2\/types\/post"}],"author":[{"embeddable":true,"href":"https:\/\/generacionnueva.com.co\/index.php\/wp-json\/wp\/v2\/users\/1"}],"replies":[{"embeddable":true,"href":"https:\/\/generacionnueva.com.co\/index.php\/wp-json\/wp\/v2\/comments?post=800"}],"version-history":[{"count":1,"href":"https:\/\/generacionnueva.com.co\/index.php\/wp-json\/wp\/v2\/posts\/800\/revisions"}],"predecessor-version":[{"id":803,"href":"https:\/\/generacionnueva.com.co\/index.php\/wp-json\/wp\/v2\/posts\/800\/revisions\/803"}],"wp:featuredmedia":[{"embeddable":true,"href":"https:\/\/generacionnueva.com.co\/index.php\/wp-json\/wp\/v2\/media\/802"}],"wp:attachment":[{"href":"https:\/\/generacionnueva.com.co\/index.php\/wp-json\/wp\/v2\/media?parent=800"}],"wp:term":[{"taxonomy":"category","embeddable":true,"href":"https:\/\/generacionnueva.com.co\/index.php\/wp-json\/wp\/v2\/categories?post=800"},{"taxonomy":"post_tag","embeddable":true,"href":"https:\/\/generacionnueva.com.co\/index.php\/wp-json\/wp\/v2\/tags?post=800"}],"curies":[{"name":"wp","href":"https:\/\/api.w.org\/{rel}","templated":true}]}}