{"id":749,"date":"2021-04-20T18:07:38","date_gmt":"2021-04-20T18:07:38","guid":{"rendered":"https:\/\/generacionnueva.com.co\/?p=749"},"modified":"2021-04-20T18:07:41","modified_gmt":"2021-04-20T18:07:41","slug":"gabriel-bazan-reaparece-con-su-nuevo-sencillo-quiero","status":"publish","type":"post","link":"https:\/\/generacionnueva.com.co\/index.php\/2021\/04\/20\/gabriel-bazan-reaparece-con-su-nuevo-sencillo-quiero\/","title":{"rendered":"Gabriel Baz\u00e1n reaparece con su nuevo sencillo &#8220;Quiero&#8221;"},"content":{"rendered":"\n<p><strong>Gabriel Baz\u00e1n<\/strong>, el cantautor argentino presenta una nueva y r\u00edtmica canci\u00f3n, titulada <strong><em>\u00abQuiero\u00bb<\/em><\/strong>, en la que participa como invitado el espa\u00f1ol, <strong>Kike Pav\u00f3n<\/strong>. El prop\u00f3sito es instar a los hijos de Dios a reencontrarse con el Esp\u00edritu Santo y permitir que avive el fuego de su fe.<\/p>\n\n\n\n<figure class=\"wp-block-audio\"><audio controls src=\"https:\/\/generacionnueva.com.co\/wp-content\/uploads\/2021\/04\/Quiero.mp3\"><\/audio><\/figure>\n\n\n\n<p>Compuesta en colaboraci\u00f3n con el tambi\u00e9n argentino, <strong>Ulises Eyherabide<\/strong> (<strong>RESCATE<\/strong>), la canci\u00f3n <strong><em>\u00abQuiero\u00bb<\/em><\/strong> es un tema de pop latino que hace gala de los ritmos folkl\u00f3ricos argentinos, caracter\u00edsticos en el trabajo musical de <strong>Gabriel Baz\u00e1n<\/strong>. El trabajo de producci\u00f3n corri\u00f3 a cargo de <strong>Federico Lepre<\/strong>, a quien Baz\u00e1n describe como <em>\u00abu<\/em><em>n tremendo productor<\/em><em>,<\/em><em> joven, fresco con idea<\/em><em>s\u00bb<\/em> y con un buen nivel en cuanto a calidad.<\/p>\n\n\n\n<p>Si bien los acordes son r\u00edtmicos y alegres, el mensaje es inequ\u00edvocamente espiritual, pues expresa el anhelo de un coraz\u00f3n que honestamente se halla lleno de cenizas del fuego del Esp\u00edritu Santo que un d\u00eda existi\u00f3 en su interior. Es el clamor del propio esp\u00edritu humano para que Dios nuevamente encienda la llama de su poder y presencia en la vida personal. Por lo tanto, es tambi\u00e9n una exhortaci\u00f3n a la iglesia \u2014que contin\u00faa atravesando una pandemia\u2014 a sacudir las cenizas y prepararse para invitar nuevamente a su Se\u00f1or a purificarla y manifestarse poderosamente a trav\u00e9s de ella.<\/p>\n\n\n\n<p>A nivel personal, <strong>Gabriel<\/strong> comenta que la intenci\u00f3n principal de su nuevo tema es <em>\u00ab<\/em><em>generar en el coraz\u00f3n la necesidad de volver a encontrarse con el Esp\u00edritu Santo, encendiendo la llama de la pasi\u00f3n por su presencia<\/em><em>\u00bb.<\/em><strong> <\/strong>Con base en su propia experiencia, explica que <em>\u00ab<\/em><em>al tener todos los colores para vivir feliz y lleno en este mundo<\/em><em>\u00bb<\/em>, el llamado es a que <em>\u00ab<\/em><em>el <\/em><em>C<\/em><em>reador (Dios) pueda utilizar esos colores qu<\/em><em>e <\/em><em>hay en m\u00ed para pintar mi caminar<\/em><em>\u00bb<\/em>.<\/p>\n\n\n\n<p>Usando como inspiraci\u00f3n el vers\u00edculo 1:6 de 1 Timoteo \u2014<em>\u00ab<\/em><em>Por lo cual te aconsejo que avives el fuego del don de Dios que est\u00e1 en ti por la imposici\u00f3n de mis manos<\/em><em>\u00bb<\/em> (RVR1960), Gabriel quiso reflejar en esta canci\u00f3n un suceso particular de su vida durante la pandemia de COVID-19 que el mundo atraviesa. <em>\u00abS<\/em><em>ent\u00eda exactamente lo que la canci\u00f3n relata, me sent\u00eda lleno de colores pero no estaba dejando que el Se\u00f1or los utili<\/em><em>zara<\/em><em>. Sent\u00eda que la pasi\u00f3n y el fuego de <\/em><em>s<\/em><em>u llamado se desvanec\u00eda<\/em><em>n<\/em><em>, y junto con eso, los grises aparecieron. Pero Dios, en su momento <\/em><em>j<\/em><em>usto, apareci\u00f3 con <\/em><em>s<\/em><em>u verdad y una vez m\u00e1s me hizo libre y gener\u00f3 en m\u00ed la necesidad de gritar a los cuatro vientos<\/em><em>:<\/em><em> \u201c<\/em><em>\u00a1<\/em><em>Quiero encender el fuego<\/em><em>!<\/em><em>\u201d<\/em><em>\u00bb.<\/em><\/p>\n\n\n\n<p>En cuanto a la composici\u00f3n, <strong>Gabriel<\/strong> admite que trabajar junto a <strong>Ulises Eyherabide <\/strong>\u2014con quien ha mantenido una gran amistad y quien ha tambi\u00e9n ha colaborado con su voz en alguna oportunidad\u2014<strong> <\/strong>siempre le ayuda a crecer de manera \u00fanica.<\/p>\n\n\n\n<p>La presencia de su tambi\u00e9n amigo, <strong>Kike Pav\u00f3n<\/strong>, en este nuevo sencillo, es, para Baz\u00e1n, algo mucho m\u00e1s all\u00e1 de solo una colaboraci\u00f3n. <em>\u00ab<\/em><em>Sus ideas de producci\u00f3n<\/em><em>,<\/em><em> la calidad musical, el profesionalismo, la calidad de persona y el coraz\u00f3n que tiene <\/em><em>hicieron<\/em><em> que la canci\u00f3n explot<\/em><em>ara<\/em><em> y salt<\/em><em>ara<\/em><em> a un nivel muy superior al que <\/em><em>ten\u00eda\u00bb<\/em>, comenta entusiasmado. <em>\u00ab<\/em><em>Sus con<\/em><em>s<\/em><em>ejos, su vida y s<\/em><em>u <\/em><em>amistad a m\u00ed me bendice<\/em><em>n<\/em><em> much\u00edsimo<\/em><em>\u00bb<\/em> a\u00f1ade,<em> \u00ab<\/em><em>m\u00e1s all\u00e1 de la canci\u00f3n, es ejemplo y bendici\u00f3n<\/em><em>\u00bb<\/em>.<\/p>\n\n\n\n<p>Para el cantante y compositor, este es un momento de renuevo, de nuevos desaf\u00edos y de muchas expectativas de que este nuevo sonido llene de alegr\u00eda, vida y esperanza a todo aquel que lo reciba. En ese sentido, este lanzamiento llega despu\u00e9s haber finalizado la gira <strong>\u00abUn <em>Tour<\/em> por Argentina\u00bb<\/strong> que se realiz\u00f3 durante marzo con 14 conciertos, en 11 de los cuales fue acompa\u00f1ado por <strong>Kike Pav\u00f3n<\/strong>. <strong>Gabriel <\/strong>espera que <em>\u00abs<\/em><em>i Dios lo permite, apaciguando todo esto de la pandemia mundial<\/em><em>\u00bb<\/em>, pueda realizar varios de los muchos proyectos que ya tiene para conciertos en Sudam\u00e9rica y Espa\u00f1a.<\/p>\n\n\n\n<p><em>\u00ab<\/em><em>Quiero encender el fuego una vez m\u00e1s<\/em><em>\u00bb<\/em>, insiste. <em>\u00ab<\/em><em>Si esta pandemia hab\u00eda apaciguado o directamente apagado el fuego de nuestros corazones, es tiempo de gritar \u201c<\/em><em>\u00a1<\/em><em>Quiero arder de nuevo<\/em><em>!<\/em><em>\u201d<\/em><em>\u00bb<\/em>, concluye, enf\u00e1tico, <strong>Gabriel Baz\u00e1n<\/strong>.<em><\/em><\/p>\n\n\n\n<p>El nuevo sencillo de <strong>Gabriel Baz\u00e1n<\/strong>, <strong><em>\u00abQuiero\u00bb<\/em><\/strong> (<em>feat.<\/em><strong> Kike Pav\u00f3n<\/strong>), es un lanzamiento internacional de <strong>Heaven Music<\/strong>, que ya se encuentra disponible en todas las plataformas. El videoclip ser\u00e1 estrenado este jueves 22 de abril en el canal oficial de <strong>Gabriel Baz\u00e1n<\/strong> en <strong>YouTube<\/strong>.<\/p>\n","protected":false},"excerpt":{"rendered":"<p>Gabriel Baz\u00e1n, el cantautor argentino presenta una nueva y r\u00edtmica canci\u00f3n, titulada \u00abQuiero\u00bb, en la que participa como invitado el espa\u00f1ol, Kike Pav\u00f3n. El prop\u00f3sito es instar a los hijos de Dios a reencontrarse con el Esp\u00edritu Santo y permitir que avive el fuego de su fe. Compuesta en colaboraci\u00f3n con el tambi\u00e9n argentino, Ulises&#8230;<\/p>\n","protected":false},"author":1,"featured_media":750,"comment_status":"open","ping_status":"open","sticky":false,"template":"","format":"standard","meta":{"footnotes":""},"categories":[36,39],"tags":[79,341,342],"class_list":["post-749","post","type-post","status-publish","format-standard","has-post-thumbnail","hentry","category-actualidad","category-musica","tag-gabriel-bazan","tag-kike-pavon-2","tag-quiero","th-blog blog-single has-post-thumbnail"],"amp_enabled":true,"_links":{"self":[{"href":"https:\/\/generacionnueva.com.co\/index.php\/wp-json\/wp\/v2\/posts\/749","targetHints":{"allow":["GET"]}}],"collection":[{"href":"https:\/\/generacionnueva.com.co\/index.php\/wp-json\/wp\/v2\/posts"}],"about":[{"href":"https:\/\/generacionnueva.com.co\/index.php\/wp-json\/wp\/v2\/types\/post"}],"author":[{"embeddable":true,"href":"https:\/\/generacionnueva.com.co\/index.php\/wp-json\/wp\/v2\/users\/1"}],"replies":[{"embeddable":true,"href":"https:\/\/generacionnueva.com.co\/index.php\/wp-json\/wp\/v2\/comments?post=749"}],"version-history":[{"count":1,"href":"https:\/\/generacionnueva.com.co\/index.php\/wp-json\/wp\/v2\/posts\/749\/revisions"}],"predecessor-version":[{"id":752,"href":"https:\/\/generacionnueva.com.co\/index.php\/wp-json\/wp\/v2\/posts\/749\/revisions\/752"}],"wp:featuredmedia":[{"embeddable":true,"href":"https:\/\/generacionnueva.com.co\/index.php\/wp-json\/wp\/v2\/media\/750"}],"wp:attachment":[{"href":"https:\/\/generacionnueva.com.co\/index.php\/wp-json\/wp\/v2\/media?parent=749"}],"wp:term":[{"taxonomy":"category","embeddable":true,"href":"https:\/\/generacionnueva.com.co\/index.php\/wp-json\/wp\/v2\/categories?post=749"},{"taxonomy":"post_tag","embeddable":true,"href":"https:\/\/generacionnueva.com.co\/index.php\/wp-json\/wp\/v2\/tags?post=749"}],"curies":[{"name":"wp","href":"https:\/\/api.w.org\/{rel}","templated":true}]}}