{"id":680,"date":"2021-04-02T19:32:14","date_gmt":"2021-04-02T19:32:14","guid":{"rendered":"https:\/\/generacionnueva.com.co\/?p=680"},"modified":"2021-04-02T19:32:16","modified_gmt":"2021-04-02T19:32:16","slug":"hector-delgado-lanza-su-nuevo-tema-con-mensaje-juvenil-corre-que-se-hace-tarde","status":"publish","type":"post","link":"https:\/\/generacionnueva.com.co\/index.php\/2021\/04\/02\/hector-delgado-lanza-su-nuevo-tema-con-mensaje-juvenil-corre-que-se-hace-tarde\/","title":{"rendered":"H\u00e9ctor Delgado lanza su nuevo tema con mensaje juvenil &#8220;Corre que se hace tarde&#8221;"},"content":{"rendered":"\n<p>H\u00e9ctor Delgado, muy reconocido en la industria de la m\u00fasica urbana como H\u00e9ctor \u201cEl Father\u201d, en la actualidad ha escogido cantarle a Dios y predicar su palabra. Hoy est\u00e1 celebrando su nuevo lanzamiento, la canci\u00f3n \u201cCorre que se hace tarde\u201d.<\/p>\n\n\n\n<p>H\u00e9ctor llega m\u00e1s que renovado y pretende, con su ritmo musical, impactar la juventud con este tema que trae un mensaje reflexivo a quienes andan perdidos por la ambici\u00f3n y el hambre de poder. Por a\u00f1os viv\u00ed con el enemigo, creyendo que los lujos, la fama y el dinero me dar\u00edan felicidad sin embargo fue m\u00e1s lo que perd\u00ed que lo que gan\u00e9. A trav\u00e9s de mis alabanzas exhort\u00f3 a los j\u00f3venes a dejar la vida de las calles antes de que sea demasiado tarde\u201d, expres\u00f3&nbsp;H\u00e9ctor Delgado.<\/p>\n\n\n\n<figure class=\"wp-block-image size-large\"><img fetchpriority=\"high\" decoding=\"async\" width=\"768\" height=\"766\" src=\"https:\/\/generacionnueva.com.co\/wp-content\/uploads\/2021\/04\/Portada-768x766-1.png\" alt=\"\" class=\"wp-image-681\" srcset=\"https:\/\/generacionnueva.com.co\/wp-content\/uploads\/2021\/04\/Portada-768x766-1.png 768w, https:\/\/generacionnueva.com.co\/wp-content\/uploads\/2021\/04\/Portada-768x766-1-300x300.png 300w, https:\/\/generacionnueva.com.co\/wp-content\/uploads\/2021\/04\/Portada-768x766-1-150x150.png 150w, https:\/\/generacionnueva.com.co\/wp-content\/uploads\/2021\/04\/Portada-768x766-1-696x694.png 696w, https:\/\/generacionnueva.com.co\/wp-content\/uploads\/2021\/04\/Portada-768x766-1-421x420.png 421w\" sizes=\"(max-width: 768px) 100vw, 768px\" \/><\/figure>\n\n\n\n<p>Esta canci\u00f3n se hace posible bajo la alianza entre Maranatha Records y Nain Music, adem\u00e1s de la producci\u00f3n H\u00e9ctor en compa\u00f1\u00eda de Aneudy Maysonet. En la parte audiovisual, el videoclip estuvo bajo la direcci\u00f3n de Kelvid Rosa y el cantantautor, filmado en un sector residencial en Puerto Rico.<\/p>\n\n\n\n<p>\u201cCorre que se hace tarde\u201d ya se puede encontrar en plataformas digitales y hace parte del \u00e1lbum de m\u00fasica cristiana \u201cLa Hora Cero\u201d, que saldr\u00e1 a la luz el pr\u00f3ximo mes de mayo.&nbsp;<\/p>\n\n\n\n<p>Como ya lo hemos mencionado en nuestro portal, H\u00e9ctor Delgado se hab\u00eda retirado del reggaet\u00f3n en 2008, tras vivir una vida de excesos, viajes y los vicios del mundo del espect\u00e1culo secular, en \u00e9pocas en que logr\u00f3 una gran fortuna con el d\u00fao H\u00e9ctor y Tito.<\/p>\n","protected":false},"excerpt":{"rendered":"<p>H\u00e9ctor Delgado, muy reconocido en la industria de la m\u00fasica urbana como H\u00e9ctor \u201cEl Father\u201d, en la actualidad ha escogido cantarle a Dios y predicar su palabra. Hoy est\u00e1 celebrando su nuevo lanzamiento, la canci\u00f3n \u201cCorre que se hace tarde\u201d. H\u00e9ctor llega m\u00e1s que renovado y pretende, con su ritmo musical, impactar la juventud con&#8230;<\/p>\n","protected":false},"author":1,"featured_media":683,"comment_status":"open","ping_status":"open","sticky":false,"template":"","format":"video","meta":{"footnotes":""},"categories":[36,39],"tags":[299,301,302,300],"class_list":["post-680","post","type-post","status-publish","format-video","has-post-thumbnail","hentry","category-actualidad","category-musica","tag-hector-delgado","tag-hector-el-father","tag-hector-el-father-2","tag-hector-y-tito","post_format-post-format-video","th-blog blog-single has-post-thumbnail"],"amp_enabled":true,"_links":{"self":[{"href":"https:\/\/generacionnueva.com.co\/index.php\/wp-json\/wp\/v2\/posts\/680","targetHints":{"allow":["GET"]}}],"collection":[{"href":"https:\/\/generacionnueva.com.co\/index.php\/wp-json\/wp\/v2\/posts"}],"about":[{"href":"https:\/\/generacionnueva.com.co\/index.php\/wp-json\/wp\/v2\/types\/post"}],"author":[{"embeddable":true,"href":"https:\/\/generacionnueva.com.co\/index.php\/wp-json\/wp\/v2\/users\/1"}],"replies":[{"embeddable":true,"href":"https:\/\/generacionnueva.com.co\/index.php\/wp-json\/wp\/v2\/comments?post=680"}],"version-history":[{"count":1,"href":"https:\/\/generacionnueva.com.co\/index.php\/wp-json\/wp\/v2\/posts\/680\/revisions"}],"predecessor-version":[{"id":682,"href":"https:\/\/generacionnueva.com.co\/index.php\/wp-json\/wp\/v2\/posts\/680\/revisions\/682"}],"wp:featuredmedia":[{"embeddable":true,"href":"https:\/\/generacionnueva.com.co\/index.php\/wp-json\/wp\/v2\/media\/683"}],"wp:attachment":[{"href":"https:\/\/generacionnueva.com.co\/index.php\/wp-json\/wp\/v2\/media?parent=680"}],"wp:term":[{"taxonomy":"category","embeddable":true,"href":"https:\/\/generacionnueva.com.co\/index.php\/wp-json\/wp\/v2\/categories?post=680"},{"taxonomy":"post_tag","embeddable":true,"href":"https:\/\/generacionnueva.com.co\/index.php\/wp-json\/wp\/v2\/tags?post=680"}],"curies":[{"name":"wp","href":"https:\/\/api.w.org\/{rel}","templated":true}]}}