{"id":666,"date":"2021-03-29T16:26:00","date_gmt":"2021-03-29T16:26:00","guid":{"rendered":"https:\/\/generacionnueva.com.co\/?p=666"},"modified":"2021-03-30T16:34:08","modified_gmt":"2021-03-30T16:34:08","slug":"marcos-witt-y-la-asociacion-evangelistica-billy-graham-presentaran-especial-de-pascua","status":"publish","type":"post","link":"https:\/\/generacionnueva.com.co\/index.php\/2021\/03\/29\/marcos-witt-y-la-asociacion-evangelistica-billy-graham-presentaran-especial-de-pascua\/","title":{"rendered":"Marcos Witt y la Asociaci\u00f3n Evangel\u00edstica Billy Graham presentar\u00e1n especial de pascua"},"content":{"rendered":"\n<p><strong>presentar\u00e1n \u00abNoche de Adoraci\u00f3n:<\/strong><\/p>\n\n\n\n<p><strong>Especial de Pascua\u00bb<\/strong><\/p>\n\n\n\n<p><strong>Marcos Witt<\/strong> ser\u00e1 el anfitri\u00f3n del evento denominado <strong>\u00abNoche de Adoraci\u00f3n: Especial de Pascua\u00bb<\/strong>, que se transmitir\u00e1 en vivo este 2 de abril, Viernes Santo, y contar\u00e1 con la participaci\u00f3n de diferentes ministerios en un tiempo de reflexiones, m\u00fasica y oraci\u00f3n, as\u00ed como la ministraci\u00f3n de la Santa Cena, desde la intimidad de la casa de <strong>Marcos Witt<\/strong>.<\/p>\n\n\n\n<p><strong>Will Graham<\/strong>, el hijo mayor del tambi\u00e9n evangelista, <strong>Franklin Graham<\/strong>, tendr\u00e1 a su cargo la reflexi\u00f3n de la Palabra de Dios. <strong>Will<\/strong> ha compartido el evangelio de Jes\u00fas con m\u00e1s de un mill\u00f3n de personas en seis continentes desde que comenz\u00f3 su ministerio evangel\u00edstico en 2006.<\/p>\n\n\n\n<p>La Semana Santa es un tiempo especial de reflexi\u00f3n, en el que la cristiandad en todo el mundo se une para conmemorar a\u00f1o tras a\u00f1o la pasi\u00f3n y la resurrecci\u00f3n de Cristo. Debido a esta celebraci\u00f3n tan especial, en el coraz\u00f3n del pastor, compositor y cantante, <strong>Marcos Witt<\/strong>, naci\u00f3 la iniciativa de unirse a reconocidos adoradores y junto con la<strong> Asociaci\u00f3n Evangelista Billy Graham<\/strong>, crear un espacio \u00edntimo y as\u00ed celebrar el sacrificio de Jes\u00fas en la cruz: la obra y el papel tan importante de su sangre y lo que hizo para la salvaci\u00f3n del mundo.<\/p>\n\n\n\n<p>El tiempo de adoraci\u00f3n contar\u00e1 con la participaci\u00f3n de <strong>Danilo Montero<\/strong>,considerado uno de los pioneros de la m\u00fasica de alabanza y adoraci\u00f3n en Am\u00e9rica Latina. <strong>Danilo <\/strong>ha viajado extensamente a m\u00e1s de 25 pa\u00edses del Continente Americano, as\u00ed como de Europa. Ha grabado m\u00e1s de 20 \u00e1lbumes y ha sido galardonado con un <strong>Latin GRAMMY\u00ae<\/strong> y un premio<strong> Billboard<\/strong>.<\/p>\n\n\n\n<p><strong>Harold y Elena<\/strong> tambi\u00e9n participar\u00e1n, representando a una nueva generaci\u00f3n de adoradores comprometidos con la creaci\u00f3n de nueva m\u00fasica original en espa\u00f1ol. Su estilo pop es una mezcla de sonidos electr\u00f3nicos y baladas, mientras que sus letras reflejan corazones ansiosos por experimentar la presencia de Dios tanto en la vida personal como en la vida de su comunidad local de creyentes.<\/p>\n\n\n\n<p>El d\u00fao mexicano, <strong>Majo y Dan<\/strong>, tambi\u00e9n tendr\u00e1 oportunidad de ser parte de esta especial celebraci\u00f3n de Pascua. Los integrantes de esta pareja cantan y escriben sus propias canciones. Constituyen uno de los ministerios emergentes m\u00e1s nuevos y emocionantes de la m\u00fasica cristiana en espa\u00f1ol, destac\u00e1ndose por su estilo <em>indie folk<\/em> ac\u00fastico y letras \u00edntimas con profundas reflexiones sobre la fe, la vida y Dios.<\/p>\n\n\n\n<p><em>\u00abCada canci\u00f3n gira en torno a la cruz\u2026 la obra y la belleza de la cruz. La sangre en la cruz y lo que hizo por cada uno de nosotros\u00bb<\/em>, comenta <strong>Marcos Witt<\/strong>. <em>\u00abNecesitamos mirar a la cruz de Jesucristo para nuestra salvaci\u00f3n, perd\u00f3n y sanidad\u00bb<\/em>, afirma.<\/p>\n\n\n\n<p>La <strong>\u00abNoche de Adoraci\u00f3n: Especial de Pascua\u00bb<\/strong> se llevar\u00e1 a cabo este viernes 2 de abril a las 7:00 p.m. (Centro)\/ 8:00 p.m. (Este) con una duraci\u00f3n aproximada de 55 minutos. Durante el programa los espectadores tendr\u00e1n la oportunidad de orar y hablar con alguna de las 600 parejas de consejeros de la <strong>Asociaci\u00f3n Evangel\u00edstica Billy Graham<\/strong> a trav\u00e9s de la p\u00e1gina <a href=\"http:\/\/pazcondios.net\/\">PazConDios.net<\/a> y un n\u00famero de WhatsApp que ser\u00e1 proporcionado ese d\u00eda. Al mismo tiempo, diferentes medios de comunicaci\u00f3n se unir\u00e1n para transmitir dicho evento.<\/p>\n\n\n\n<p>Continuando con el trabajo de <strong>Billy Graham<\/strong>, la <strong>Asociaci\u00f3n Evangel\u00edstica Billy Graham<\/strong> existe para proclamar el Evangelio del Se\u00f1or Jesucristo a trav\u00e9s de todos los medios disponibles, equipando a la iglesia y otros, a hacer lo mismo.<\/p>\n\n\n\n<p>Este evento especial contar\u00e1 con diferentes v\u00edas de transmisi\u00f3n en vivo, con el prop\u00f3sito de alcanzar a la mayor cantidad de personas. <strong>Marcos Witt <\/strong>estar\u00e1 transmitiendo en vivo desde su canal oficial de YouTube y en Facebook Live desde su p\u00e1gina en esa red social.<\/p>\n\n\n\n<p><em>Con informaci\u00f3n Allegro Noticias<\/em><\/p>\n","protected":false},"excerpt":{"rendered":"<p>presentar\u00e1n \u00abNoche de Adoraci\u00f3n: Especial de Pascua\u00bb Marcos Witt ser\u00e1 el anfitri\u00f3n del evento denominado \u00abNoche de Adoraci\u00f3n: Especial de Pascua\u00bb, que se transmitir\u00e1 en vivo este 2 de abril, Viernes Santo, y contar\u00e1 con la participaci\u00f3n de diferentes ministerios en un tiempo de reflexiones, m\u00fasica y oraci\u00f3n, as\u00ed como la ministraci\u00f3n de la Santa&#8230;<\/p>\n","protected":false},"author":1,"featured_media":667,"comment_status":"open","ping_status":"open","sticky":false,"template":"","format":"standard","meta":{"footnotes":""},"categories":[36,47,39],"tags":[285,286,288,283,287,284],"class_list":["post-666","post","type-post","status-publish","format-standard","has-post-thumbnail","hentry","category-actualidad","category-ministerio","category-musica","tag-asociacion-evangelistica-billy-graham","tag-billy-graham","tag-danilo-montero","tag-marcos-witt","tag-noche-de-adoracion","tag-will-graham","th-blog blog-single has-post-thumbnail"],"amp_enabled":true,"_links":{"self":[{"href":"https:\/\/generacionnueva.com.co\/index.php\/wp-json\/wp\/v2\/posts\/666","targetHints":{"allow":["GET"]}}],"collection":[{"href":"https:\/\/generacionnueva.com.co\/index.php\/wp-json\/wp\/v2\/posts"}],"about":[{"href":"https:\/\/generacionnueva.com.co\/index.php\/wp-json\/wp\/v2\/types\/post"}],"author":[{"embeddable":true,"href":"https:\/\/generacionnueva.com.co\/index.php\/wp-json\/wp\/v2\/users\/1"}],"replies":[{"embeddable":true,"href":"https:\/\/generacionnueva.com.co\/index.php\/wp-json\/wp\/v2\/comments?post=666"}],"version-history":[{"count":1,"href":"https:\/\/generacionnueva.com.co\/index.php\/wp-json\/wp\/v2\/posts\/666\/revisions"}],"predecessor-version":[{"id":668,"href":"https:\/\/generacionnueva.com.co\/index.php\/wp-json\/wp\/v2\/posts\/666\/revisions\/668"}],"wp:featuredmedia":[{"embeddable":true,"href":"https:\/\/generacionnueva.com.co\/index.php\/wp-json\/wp\/v2\/media\/667"}],"wp:attachment":[{"href":"https:\/\/generacionnueva.com.co\/index.php\/wp-json\/wp\/v2\/media?parent=666"}],"wp:term":[{"taxonomy":"category","embeddable":true,"href":"https:\/\/generacionnueva.com.co\/index.php\/wp-json\/wp\/v2\/categories?post=666"},{"taxonomy":"post_tag","embeddable":true,"href":"https:\/\/generacionnueva.com.co\/index.php\/wp-json\/wp\/v2\/tags?post=666"}],"curies":[{"name":"wp","href":"https:\/\/api.w.org\/{rel}","templated":true}]}}