{"id":659,"date":"2021-02-08T18:46:00","date_gmt":"2021-02-08T18:46:00","guid":{"rendered":"https:\/\/generacionnueva.com.co\/?p=659"},"modified":"2021-03-23T18:50:40","modified_gmt":"2021-03-23T18:50:40","slug":"omar-salas-presenta-todo-es-posible-la-primera-cancion-del-cortometraje-vas-a-llegar","status":"publish","type":"post","link":"https:\/\/generacionnueva.com.co\/index.php\/2021\/02\/08\/omar-salas-presenta-todo-es-posible-la-primera-cancion-del-cortometraje-vas-a-llegar\/","title":{"rendered":"Omar Salas presenta &#8220;Todo es posible&#8221; la primera canci\u00f3n del cortometraje &#8220;Vas a llegar&#8221;"},"content":{"rendered":"\n<p>Con gran expectativa el talentoso cantautor dominicano&nbsp;<strong>Omar Salas<\/strong>&nbsp;presenta \u00ab<strong>Todo es posible<\/strong>\u00bb, la primera canci\u00f3n del cortometraje&nbsp;\u00ab<strong>Vas a llegar<\/strong>\u00bb,&nbsp;una composici\u00f3n de tres canciones, con tres historias entrelazadas, que nos inspirar\u00e1n a &nbsp;depositar nuestra confianza en Dios.<\/p>\n\n\n\n<p>Por medio de este innovador proyecto, Omar nos motiva a creer en Dios y en sus promesas; pero adem\u00e1s nos reta a compartir el evangelio de Jesucristo, con la canci\u00f3n de cierre titulada&nbsp;\u00ab<strong>La nada<\/strong>\u00bb, por medio de la cual desaf\u00eda la teor\u00eda de la evoluci\u00f3n.<\/p>\n\n\n\n<p>El cortometraje se ha realizado bajo la direcci\u00f3n de video y fotograf\u00eda de Alex J\u00e1come, y Pablo J\u00e1come, respectivamente, para JM Films, tomando como escenario la cancha de entrenamiento de futbol del equipo Independiente del valle, en Quito, Ecuador.<\/p>\n\n\n\n<p>La historia gira en torno a un solo jugador (Luis Hern\u00e1ndez), quien atraviesa una re\u00f1ida confrontaci\u00f3n ante todo un equipo habilidoso y cruel. Su novia (Pamela Ter\u00e1n) lo apoya en todo momento, y juntos alcanzan la victoria. Pero al poco tiempo enfrentan nuevos desaf\u00edos que tienen que vencer.<\/p>\n\n\n\n<p>La canci\u00f3n fue escrita y producida musicalmente por el propio Omar, quien continua muy activo en sus redes sociales y en los estudios de grabaci\u00f3n, lanzando cortes muy al tono de la necesidad de los tiempos.<\/p>\n\n\n\n<p>Precisamente, la canci\u00f3n \u00ab<strong>Todo es posible<\/strong>\u00bb, nace en medio de los retos y desaf\u00edos que la humanidad ha enfrentado con el Covid-19. Y ahora, en el inicio del a\u00f1o 2021, Omar abre con fuerza, recordando las palabras de Jes\u00fas en Marcos 9:23b, cuando le dijo al padre impotente que sufr\u00eda por la posesi\u00f3n demon\u00edaca de su hijo: \u201cAl que cree todo le es posible\u201d.<\/p>\n\n\n\n<p>\u00abDebemos tomar este principio, y aplicarlo a todas las \u00e1reas de nuestras vidas, y mucho m\u00e1s en este tiempo donde el ambiente ha estado tan cargado con el tema de la pandemia mundial. Hemos sido golpeados, pero tenemos que determinarnos a levantarnos en fe, y seguir adelante\u00bb,&nbsp;afirma Omar, quien ha hecho de la fe la prioridad del contenido de sus canciones.<\/p>\n\n\n\n<p>El inspirador tema llega en un ritmo energ\u00e9tico urbano, combinando los g\u00e9neros merengue-pambiche, hip-hop, country, electr\u00f3nico y cumbia, con lo cual se marca una temporada donde el cantautor est\u00e1 retomando las fusiones latinas movidas que lo han caracterizado desde el inicio de su carrera musical.<\/p>\n\n\n\n<p>El video \u00ab<strong>Todo es posible<\/strong>\u00bb, con el cual inicia la historia del cortometraje, est\u00e1 disponible en su canal de Youtube, y la canci\u00f3n se puede adquirir en todas las plataformas digitales.<\/p>\n\n\n\n<p>Durante las pr\u00f3ximas semanas lanzar\u00e1 la segunda canci\u00f3n&nbsp;\u00ab<strong>Vas a llegar<\/strong>\u00bb, y en marzo cierra con broche de oro este proyecto audiovisual con el estreno del tema \u00ab<strong>La nada<\/strong>\u00bb.<\/p>\n","protected":false},"excerpt":{"rendered":"<p>Con gran expectativa el talentoso cantautor dominicano&nbsp;Omar Salas&nbsp;presenta \u00abTodo es posible\u00bb, la primera canci\u00f3n del cortometraje&nbsp;\u00abVas a llegar\u00bb,&nbsp;una composici\u00f3n de tres canciones, con tres historias entrelazadas, que nos inspirar\u00e1n a &nbsp;depositar nuestra confianza en Dios. Por medio de este innovador proyecto, Omar nos motiva a creer en Dios y en sus promesas; pero adem\u00e1s nos&#8230;<\/p>\n","protected":false},"author":1,"featured_media":661,"comment_status":"open","ping_status":"open","sticky":false,"template":"","format":"video","meta":{"footnotes":""},"categories":[36,39],"tags":[280,281,282],"class_list":["post-659","post","type-post","status-publish","format-video","has-post-thumbnail","hentry","category-actualidad","category-musica","tag-omar-salas","tag-todo-es-posible","tag-vas-a-llegar","post_format-post-format-video","th-blog blog-single has-post-thumbnail"],"amp_enabled":true,"_links":{"self":[{"href":"https:\/\/generacionnueva.com.co\/index.php\/wp-json\/wp\/v2\/posts\/659","targetHints":{"allow":["GET"]}}],"collection":[{"href":"https:\/\/generacionnueva.com.co\/index.php\/wp-json\/wp\/v2\/posts"}],"about":[{"href":"https:\/\/generacionnueva.com.co\/index.php\/wp-json\/wp\/v2\/types\/post"}],"author":[{"embeddable":true,"href":"https:\/\/generacionnueva.com.co\/index.php\/wp-json\/wp\/v2\/users\/1"}],"replies":[{"embeddable":true,"href":"https:\/\/generacionnueva.com.co\/index.php\/wp-json\/wp\/v2\/comments?post=659"}],"version-history":[{"count":1,"href":"https:\/\/generacionnueva.com.co\/index.php\/wp-json\/wp\/v2\/posts\/659\/revisions"}],"predecessor-version":[{"id":660,"href":"https:\/\/generacionnueva.com.co\/index.php\/wp-json\/wp\/v2\/posts\/659\/revisions\/660"}],"wp:featuredmedia":[{"embeddable":true,"href":"https:\/\/generacionnueva.com.co\/index.php\/wp-json\/wp\/v2\/media\/661"}],"wp:attachment":[{"href":"https:\/\/generacionnueva.com.co\/index.php\/wp-json\/wp\/v2\/media?parent=659"}],"wp:term":[{"taxonomy":"category","embeddable":true,"href":"https:\/\/generacionnueva.com.co\/index.php\/wp-json\/wp\/v2\/categories?post=659"},{"taxonomy":"post_tag","embeddable":true,"href":"https:\/\/generacionnueva.com.co\/index.php\/wp-json\/wp\/v2\/tags?post=659"}],"curies":[{"name":"wp","href":"https:\/\/api.w.org\/{rel}","templated":true}]}}