{"id":623,"date":"2021-03-02T17:43:00","date_gmt":"2021-03-02T17:43:00","guid":{"rendered":"https:\/\/generacionnueva.com.co\/?p=623"},"modified":"2021-03-04T17:54:38","modified_gmt":"2021-03-04T17:54:38","slug":"gran-gesto-falcao-financiara-la-universidad-a-estudiantes-de-bajos-recursos","status":"publish","type":"post","link":"https:\/\/generacionnueva.com.co\/index.php\/2021\/03\/02\/gran-gesto-falcao-financiara-la-universidad-a-estudiantes-de-bajos-recursos\/","title":{"rendered":"\u00a1Gran gesto! Falcao financiar\u00e1 la universidad a estudiantes de bajos recursos"},"content":{"rendered":"\n<p><strong>Radamel Falcao Garc\u00eda<\/strong> es habitu\u00e9 de nuestra secci\u00f3n cristianos del deporte por su fiel testimonio en Cristo, sus gestas deportivas y sobre todo, por su gran coraz\u00f3n. El colombiano financiar\u00e1, a trav\u00e9s de su fundaci\u00f3n, a estudiantes de bajos recursos para que puedan cursar sus estudios superiores y, as\u00ed, anunci\u00f3 en sus redes sociales el nuevo convenio con la Universidad Sergio Arboleda.<\/p>\n\n\n\n<figure class=\"wp-block-embed is-type-rich is-provider-twitter wp-block-embed-twitter\"><div class=\"wp-block-embed__wrapper\">\n<blockquote class=\"twitter-tweet\" data-width=\"550\" data-dnt=\"true\"><p lang=\"es\" dir=\"ltr\">Gracias <a href=\"https:\/\/twitter.com\/USergioArboleda?ref_src=twsrc%5Etfw\">@USergioArboleda<\/a> y a todos los que hacen posible estas acciones por los j\u00f3venes <a href=\"https:\/\/t.co\/eZ137DAnI7\">pic.twitter.com\/eZ137DAnI7<\/a><\/p>&mdash; Radamel Falcao (@FALCAO) <a href=\"https:\/\/twitter.com\/FALCAO\/status\/1366758258510360576?ref_src=twsrc%5Etfw\">March 2, 2021<\/a><\/blockquote><script async src=\"https:\/\/platform.twitter.com\/widgets.js\" charset=\"utf-8\"><\/script>\n<\/div><\/figure>\n\n\n\n<p><strong>Carmenza Z\u00e1rate<\/strong>, mam\u00e1 del delantero de la Selecci\u00f3n Colombia es la presidenta de <strong>la Fundaci\u00f3n Falcao<\/strong> y cuenta que ya se ha venido apoyando a j\u00f3venes de escasos recursos. Radamel estaba esperando la solidificaci\u00f3n del proyecto para dar las buenas nuevas del avance de este noble proyecto.<\/p>\n\n\n\n<p><strong>La Universidad Sergio Arboleda<\/strong> se ha destacado por este tipo de alianzas y el aporte con el deporte colombiano. La instituci\u00f3n educativa anunci\u00f3 a los medios que por medio de este convenio este a\u00f1o ingresar\u00e1n 8 j\u00f3venes de la Fundaci\u00f3n Falcao, de los cuales seis ir\u00e1n para programas de pregrado y dos para posgrado.<\/p>\n\n\n\n<p>La Fundaci\u00f3n Falcao, seg\u00fan cuenta <strong>Carmenza Z\u00e1rate<\/strong>, escoge a los que m\u00e1s se destaquen acad\u00e9micamente dentro de los programas de apoyo que se manejan en diferentes regiones del pa\u00eds.<\/p>\n\n\n\n<p>\u201cNosotros trabajamos con muchachos de todo el pa\u00eds, en Usme, Oca\u00f1a, Putumayo, Santa Marta, en cada sitio, buscando siempre que puedan tener una proyecci\u00f3n social m\u00e1s all\u00e1 del dif\u00edcil entorno en el que viven. Esto lo hacemos con educaci\u00f3n y, evidentemente, deporte.&nbsp;Falcao siempre me habla de la importancia de los escenarios deportivos, pero lastimosamente en algunas regiones no podemos tener programas as\u00ed porque simplemente no est\u00e1n los escenarios, por lo que estamos buscando que se pueda hacer algo con las autoridades\u201d, declar\u00f3 Z\u00e1rate en una entrevista con la revista Semana.<\/p>\n\n\n\n<p>Por otra parte, el delantero <strong>Radamel Falcao Garc\u00eda<\/strong> viene de recuperarse de una lesi\u00f3n que lo alej\u00f3 de las canchas por unas semanas y de\u00a0 a poco se\u00a0 ha ido incluyendo en la titular del Galatasaray. Su gran consigna es corresponder a la gran confianza del equipo turco, donde no ha podido figurar como ha querido, por eso decidi\u00f3 quedarse esta nueva temporada en Estambul, a\u00fan con rebaja en su salario.\u00a0<\/p>\n\n\n\n<p><\/p>\n\n\n\n<p><\/p>\n","protected":false},"excerpt":{"rendered":"<p>Radamel Falcao Garc\u00eda es habitu\u00e9 de nuestra secci\u00f3n cristianos del deporte por su fiel testimonio en Cristo, sus gestas deportivas y sobre todo, por su gran coraz\u00f3n. El colombiano financiar\u00e1, a trav\u00e9s de su fundaci\u00f3n, a estudiantes de bajos recursos para que puedan cursar sus estudios superiores y, as\u00ed, anunci\u00f3 en sus redes sociales el&#8230;<\/p>\n","protected":false},"author":1,"featured_media":624,"comment_status":"open","ping_status":"open","sticky":false,"template":"","format":"standard","meta":{"footnotes":""},"categories":[36,31],"tags":[244,115,240,241,243,239,242],"class_list":["post-623","post","type-post","status-publish","format-standard","has-post-thumbnail","hentry","category-actualidad","category-cristianos-del-deporte","tag-carmenza-zarate","tag-cristianos-del-deporte","tag-falcao-cristiano","tag-fundacion-falcao","tag-juana-zarate","tag-radamel-falcao-garcia","tag-universidad-sergio-arboleda","th-blog blog-single has-post-thumbnail"],"amp_enabled":true,"_links":{"self":[{"href":"https:\/\/generacionnueva.com.co\/index.php\/wp-json\/wp\/v2\/posts\/623","targetHints":{"allow":["GET"]}}],"collection":[{"href":"https:\/\/generacionnueva.com.co\/index.php\/wp-json\/wp\/v2\/posts"}],"about":[{"href":"https:\/\/generacionnueva.com.co\/index.php\/wp-json\/wp\/v2\/types\/post"}],"author":[{"embeddable":true,"href":"https:\/\/generacionnueva.com.co\/index.php\/wp-json\/wp\/v2\/users\/1"}],"replies":[{"embeddable":true,"href":"https:\/\/generacionnueva.com.co\/index.php\/wp-json\/wp\/v2\/comments?post=623"}],"version-history":[{"count":1,"href":"https:\/\/generacionnueva.com.co\/index.php\/wp-json\/wp\/v2\/posts\/623\/revisions"}],"predecessor-version":[{"id":625,"href":"https:\/\/generacionnueva.com.co\/index.php\/wp-json\/wp\/v2\/posts\/623\/revisions\/625"}],"wp:featuredmedia":[{"embeddable":true,"href":"https:\/\/generacionnueva.com.co\/index.php\/wp-json\/wp\/v2\/media\/624"}],"wp:attachment":[{"href":"https:\/\/generacionnueva.com.co\/index.php\/wp-json\/wp\/v2\/media?parent=623"}],"wp:term":[{"taxonomy":"category","embeddable":true,"href":"https:\/\/generacionnueva.com.co\/index.php\/wp-json\/wp\/v2\/categories?post=623"},{"taxonomy":"post_tag","embeddable":true,"href":"https:\/\/generacionnueva.com.co\/index.php\/wp-json\/wp\/v2\/tags?post=623"}],"curies":[{"name":"wp","href":"https:\/\/api.w.org\/{rel}","templated":true}]}}