{"id":528,"date":"2020-11-13T16:20:00","date_gmt":"2020-11-13T16:20:00","guid":{"rendered":"https:\/\/generacionnueva.com.co\/?p=528"},"modified":"2021-01-10T16:44:31","modified_gmt":"2021-01-10T16:44:31","slug":"coalo-zamorano-presenta-mi-confianza-esta-en-ti-remix","status":"publish","type":"post","link":"https:\/\/generacionnueva.com.co\/index.php\/2020\/11\/13\/coalo-zamorano-presenta-mi-confianza-esta-en-ti-remix\/","title":{"rendered":"Coalo Zamorano presenta &#8220;Mi confianza est\u00e1 en ti&#8221; remix"},"content":{"rendered":"\n<p>Coalo Zamorano lanza una nueva versi\u00f3n de un tema de adoraci\u00f3n que dio  t\u00edtulo a una de sus producciones. \u00abMi confianza est\u00e1 en ti (remix)\u00bb surge  como una respuesta del coraz\u00f3n del cantante, compositor y productor para ministrar \u2014a partir de su propia experiencia\u2014 a las muchas personas que experimentan ataques de ansiedad durante el confinamiento sanitario en todo el mundo.<\/p>\n\n\n\n<p> El track fue grabado durante los primeros meses de la pandemia de COVID-19. Coalo Zamorano, como tantos de los m\u00fasicos cristianos, atravesaba la  cuarentena obligatoria en casa, trabajando ideas de canciones y volc\u00e1ndose a las redes sociales para realizar transmisiones en vivo. <\/p>\n\n\n\n<p>Todo empez\u00f3 como un hobby. Coalo estaba en su casa, probando sonidos en  su computadora, y comenz\u00f3 a trabajar en esta canci\u00f3n, sin pensar que la lanzar\u00eda como un sencillo. \u00abCuando vi que qued\u00f3 muy bien, le dije a mi amigo, Travy (Joe) que hici\u00e9ramos el videoclip, y lo hicimos de modo m\u00e1s bien  casero. De ah\u00ed es que nace esta nueva versi\u00f3n\u00bb, comenta Coalo.<\/p>\n\n\n\n<p>\u00abAl estar pasando por esta crisis, esta pandemia, sent\u00ed que ten\u00eda que revivir  algunasde las canciones que el Se\u00f1or me ha dado que tocan estos temas de manera muy, muy fuerte. Obviamente, lanzamos \u201cEres rey\u201d y ahora, esta otra de las canciones que Dios me dio para pasar por estas crisis\u00bb, explica Coalo. <\/p>\n\n\n\n<p>Paralelamente, Coalo Zamorano lanz\u00f3 esta semana una invitaci\u00f3n a trav\u00e9s de un InstaLive para integrar un peque\u00f1o grupo de Zoom en el que la gente que est\u00e1 atravesando por este tipo de experiencias pueda expresarse y ser escuchada, y que a la vez esto sea un veh\u00edculo a trav\u00e9s del cual Zamorano pueda compartir con ellos los pasos que \u00e9l desarroll\u00f3 para salir de esa etapa de su vida, la cual ha narrado antes en su libro \u00abNo est\u00e1s solo\u00bb (2015, Casa  Creaci\u00f3n).\u00abHe estado pensando en la necesidad que hay. Me escribe mucha gente\u2026 todos me hacen las mismas preguntas: <\/p>\n\n\n\n<p>\u201cHermano, \u00bfc\u00f3mo salgo de esto? Estoy entrando en esto, no s\u00e9 qu\u00e9 me est\u00e1 pasando\u201d. Quisiera poder sentarme y explicarle a cada uno lo que yo viv\u00ed pero ser\u00eda demasiado tiempo. Me gusta  hacerlo por Zoom, porque puedo verlos a todos, puedo ver sus caras,  podemos conversar, todo al mismo tiempo. Quiero hacerlo un grupo peque\u00f1o porque quiero ser efectivo en tocar la necesidad de cada persona. No s\u00e9 si a voy a poder ayudar a cada uno, pero por lo menos podemos escuchar\u00bb,  comenta Coalo Zamorano acerca de su reciente inicativa. \u00abYa el que otra  persona hable y pueda desahogarse, s\u00e9 que va a ser una bendici\u00f3n\u00bb, agrega. <\/p>\n\n\n\n<p>\u00abA veces yo me espero a que me inviten, y estos \u00faltimos d\u00edas dije: \u201cNo me voy  a esperar a que nadie me invite. Voy a hacer esto porque necesito hacerlo y creo que tengo la experiencia en este tema, sobre todo para poder ayudar un poquito m\u00e1s a personas que est\u00e1n luchando con esto\u201d\u00bb, finaliza. \u00abMi confianza est\u00e1 en ti (remix)\u00bb es un lanzamiento independiente de Coalo Zamorano que ya puede escucharse en todas las plataformas.<\/p>\n","protected":false},"excerpt":{"rendered":"<p>Coalo Zamorano lanza una nueva versi\u00f3n de un tema de adoraci\u00f3n que dio t\u00edtulo a una de sus producciones. \u00abMi confianza est\u00e1 en ti (remix)\u00bb surge como una respuesta del coraz\u00f3n del cantante, compositor y productor para ministrar \u2014a partir de su propia experiencia\u2014 a las muchas personas que experimentan ataques de ansiedad durante el&#8230;<\/p>\n","protected":false},"author":1,"featured_media":530,"comment_status":"open","ping_status":"open","sticky":false,"template":"","format":"video","meta":{"footnotes":""},"categories":[39],"tags":[197,198],"class_list":["post-528","post","type-post","status-publish","format-video","has-post-thumbnail","hentry","category-musica","tag-coalo-zamorano","tag-mi-confianza-esta-en-ti","post_format-post-format-video","th-blog blog-single has-post-thumbnail"],"amp_enabled":true,"_links":{"self":[{"href":"https:\/\/generacionnueva.com.co\/index.php\/wp-json\/wp\/v2\/posts\/528","targetHints":{"allow":["GET"]}}],"collection":[{"href":"https:\/\/generacionnueva.com.co\/index.php\/wp-json\/wp\/v2\/posts"}],"about":[{"href":"https:\/\/generacionnueva.com.co\/index.php\/wp-json\/wp\/v2\/types\/post"}],"author":[{"embeddable":true,"href":"https:\/\/generacionnueva.com.co\/index.php\/wp-json\/wp\/v2\/users\/1"}],"replies":[{"embeddable":true,"href":"https:\/\/generacionnueva.com.co\/index.php\/wp-json\/wp\/v2\/comments?post=528"}],"version-history":[{"count":1,"href":"https:\/\/generacionnueva.com.co\/index.php\/wp-json\/wp\/v2\/posts\/528\/revisions"}],"predecessor-version":[{"id":529,"href":"https:\/\/generacionnueva.com.co\/index.php\/wp-json\/wp\/v2\/posts\/528\/revisions\/529"}],"wp:featuredmedia":[{"embeddable":true,"href":"https:\/\/generacionnueva.com.co\/index.php\/wp-json\/wp\/v2\/media\/530"}],"wp:attachment":[{"href":"https:\/\/generacionnueva.com.co\/index.php\/wp-json\/wp\/v2\/media?parent=528"}],"wp:term":[{"taxonomy":"category","embeddable":true,"href":"https:\/\/generacionnueva.com.co\/index.php\/wp-json\/wp\/v2\/categories?post=528"},{"taxonomy":"post_tag","embeddable":true,"href":"https:\/\/generacionnueva.com.co\/index.php\/wp-json\/wp\/v2\/tags?post=528"}],"curies":[{"name":"wp","href":"https:\/\/api.w.org\/{rel}","templated":true}]}}