{"id":516,"date":"2020-12-27T14:29:00","date_gmt":"2020-12-27T14:29:00","guid":{"rendered":"https:\/\/generacionnueva.com.co\/?p=516"},"modified":"2021-01-10T14:35:35","modified_gmt":"2021-01-10T14:35:35","slug":"como-le-fue-al-medio-ambiente-en-el-2020","status":"publish","type":"post","link":"https:\/\/generacionnueva.com.co\/index.php\/2020\/12\/27\/como-le-fue-al-medio-ambiente-en-el-2020\/","title":{"rendered":"\u00bfC\u00f3mo le fue al medio ambiente en el 2020?"},"content":{"rendered":"\n<p>Hay una falsa percepci\u00f3n de que la contaminaci\u00f3n baj\u00f3 y lo positivo que fue en materia medioambiental el a\u00f1o 2020, sin embargo y de acuerdo al an\u00e1lisis de un experto la realidad es otra.<\/p>\n\n\n\n<p>De acuerdo con Camilo Prieto Valderrama director del Movimiento Ambientalista Colombiano MAC \u201clas reducciones de emisiones de gases efecto invernadero de este a\u00f1o comparadas con el a\u00f1o anterior, que oscilan alrededor de un 7% no son significativas para lo que esperamos sea el futuro del clima.<\/p>\n\n\n\n<p> La disminuci\u00f3n de emisiones en 2020 se traduce en una reducci\u00f3n de s\u00f3lo 0,01\u00b0C en el calentamiento global para 2050\u201d.Esto por supuesto son cifras desalentadoras y preocupantes, son irrisorias si se pretende detener y enfrentar los efectos del cambio clim\u00e1tico en los pr\u00f3ximos a\u00f1os.<\/p>\n\n\n\n<p>Cuando pensamos en el 2020, a\u00f1o de pandemia tal vez lo primero que llega a nuestra mente es el confinamiento, autos, motos al igual que nosotros guardados en casa, un sistema de transporte operando a media marcha, elementos ideales para darle un respiro al planeta, sin embargo el balance para el ambiente no es alentador.<\/p>\n\n\n\n<p>Con la deforestaci\u00f3n fuera de control el problema crece a pasos agigantados, \u00e9ste ha sido uno de las limitantes que ha identificado el doctor Camilo Prieto \u201cla deforestaci\u00f3n sigue disparada, no pudo ser controlada dentro de este a\u00f1o 2020 y esto incrementa las emisiones de gases efecto invernadero, disminuye la capacidad de captaci\u00f3n de carbono por parte de los ecosistemas y adicionalmente favorece la degradaci\u00f3n ambiental\u201d.<\/p>\n\n\n\n<p>Como si fuera poco no es posible olvidar la problem\u00e1tica social que est\u00e1n viviendo los l\u00edderes en materia ambiental \u201cEste a\u00f1o se ha desbordado el aniquilamiento sistem\u00e1tico de l\u00edderes ambientales en la regi\u00f3n de Am\u00e9rica Latina. Hay que ver entonces la recuperaci\u00f3n Post-COVID19 como una oportunidad para que modifiquemos ojal\u00e1 nuestra relaci\u00f3n con el planeta y con nosotros mismos. <\/p>\n\n\n\n<p style=\"margin-top:500px\">Necesitamos con urgencia descarbonizar la econom\u00eda mundial y comprender que cada KWh generado desde el carb\u00f3n le roba posibilidades al Acuerdo de Par\u00eds\u201d puntualiz\u00f3 Camilo Prieto.As\u00ed que el balance 2020 es preocupante,  con la deforestaci\u00f3n fuera de control, gases efecto invernadero haciendo estragos y el asesinato de l\u00edderes ante la mirada de todos, es necesario encender todas las alarmas que llamen la atenci\u00f3n sobre los efectos inmediatos del tema ambiental en el mundo, ya que es un problema de todos.<\/p>\n","protected":false},"excerpt":{"rendered":"<p>Hay una falsa percepci\u00f3n de que la contaminaci\u00f3n baj\u00f3 y lo positivo que fue en materia medioambiental el a\u00f1o 2020, sin embargo y de acuerdo al an\u00e1lisis de un experto la realidad es otra. De acuerdo con Camilo Prieto Valderrama director del Movimiento Ambientalista Colombiano MAC \u201clas reducciones de emisiones de gases efecto invernadero de&#8230;<\/p>\n","protected":false},"author":1,"featured_media":517,"comment_status":"open","ping_status":"open","sticky":false,"template":"","format":"standard","meta":{"footnotes":""},"categories":[36],"tags":[187,188,103,186],"class_list":["post-516","post","type-post","status-publish","format-standard","has-post-thumbnail","hentry","category-actualidad","tag-cambio-climatico","tag-camilo-prieto-valderrama","tag-covid-19","tag-medio-ambiente","th-blog blog-single has-post-thumbnail"],"amp_enabled":true,"_links":{"self":[{"href":"https:\/\/generacionnueva.com.co\/index.php\/wp-json\/wp\/v2\/posts\/516","targetHints":{"allow":["GET"]}}],"collection":[{"href":"https:\/\/generacionnueva.com.co\/index.php\/wp-json\/wp\/v2\/posts"}],"about":[{"href":"https:\/\/generacionnueva.com.co\/index.php\/wp-json\/wp\/v2\/types\/post"}],"author":[{"embeddable":true,"href":"https:\/\/generacionnueva.com.co\/index.php\/wp-json\/wp\/v2\/users\/1"}],"replies":[{"embeddable":true,"href":"https:\/\/generacionnueva.com.co\/index.php\/wp-json\/wp\/v2\/comments?post=516"}],"version-history":[{"count":1,"href":"https:\/\/generacionnueva.com.co\/index.php\/wp-json\/wp\/v2\/posts\/516\/revisions"}],"predecessor-version":[{"id":518,"href":"https:\/\/generacionnueva.com.co\/index.php\/wp-json\/wp\/v2\/posts\/516\/revisions\/518"}],"wp:featuredmedia":[{"embeddable":true,"href":"https:\/\/generacionnueva.com.co\/index.php\/wp-json\/wp\/v2\/media\/517"}],"wp:attachment":[{"href":"https:\/\/generacionnueva.com.co\/index.php\/wp-json\/wp\/v2\/media?parent=516"}],"wp:term":[{"taxonomy":"category","embeddable":true,"href":"https:\/\/generacionnueva.com.co\/index.php\/wp-json\/wp\/v2\/categories?post=516"},{"taxonomy":"post_tag","embeddable":true,"href":"https:\/\/generacionnueva.com.co\/index.php\/wp-json\/wp\/v2\/tags?post=516"}],"curies":[{"name":"wp","href":"https:\/\/api.w.org\/{rel}","templated":true}]}}