{"id":495,"date":"2020-12-30T15:25:00","date_gmt":"2020-12-30T15:25:00","guid":{"rendered":"https:\/\/generacionnueva.com.co\/?p=495"},"modified":"2021-01-08T15:54:44","modified_gmt":"2021-01-08T15:54:44","slug":"tres-causas-por-las-que-aprobaron-el-aborto-en-argentina","status":"publish","type":"post","link":"https:\/\/generacionnueva.com.co\/index.php\/2020\/12\/30\/tres-causas-por-las-que-aprobaron-el-aborto-en-argentina\/","title":{"rendered":"TRES CAUSAS POR LAS QUE APROBARON EL ABORTO EN ARGENTINA"},"content":{"rendered":"\n<p>El 2020 cerr\u00f3 en Argentina con una noticia nefasta contra la vida y es la legalidad en la interrupci\u00f3n de embarazos. El Senado de ese pa\u00eds aprob\u00f3 el proyecto de ley con 38 votos a favor, 29 en contra y una abstenci\u00f3n, mientras que en las calles miles de mujeres del movimiento feminista esperaban ansiosas, desde la madrugada del 30 de diciembre, la resoluci\u00f3n.<\/p>\n\n\n\n<p>La nueva ley obliga a las entidades de salud a ejecutar los abortos aun si alg\u00fan personal m\u00e9dico se declare en objeci\u00f3n de conciencia. Es as\u00ed como Argentina se une a Uruguay, Cuba, Guyana, Guayana Francesa, Puerto Rico y M\u00e9xico como las naciones que hasta el momento en Latinoam\u00e9rica avalan el aborto sin importar la causal de embarazo. Aqu\u00ed te contamos tres claves por las que en esta ocasi\u00f3n s\u00ed se determin\u00f3 aceptar este proyecto de ley:<\/p>\n\n\n\n<ul class=\"wp-block-list\" type=\"1\"><li><strong>LA INFLUENCIA DEL PRESIDENTE<\/strong><\/li><\/ul>\n\n\n\n<p>Desde que lleg\u00f3 Alberto Fern\u00e1ndez las medidas progresistas y de izquierda han sido notorias. Este a\u00f1o hist\u00f3ricamente el proyecto no vino de un partido de oposici\u00f3n, sino que fue el mismo presidente quien propuso la norma, argumentando que la criminalizaci\u00f3n del aborto de nada ha servido y solo ha permitido que se realicen clandestinamente en grandes cifras.<\/p>\n\n\n\n<p>Otro dato importante en el apoyo a esta nueva legalidad tiene que ver con el impulso que dio Cristina Kirchner, vicepresidenta del gobierno, quien antes se opon\u00eda al aborto y ahora cambi\u00f3 su postura.<\/p>\n\n\n\n<figure class=\"wp-block-image size-large\"><img fetchpriority=\"high\" decoding=\"async\" width=\"1024\" height=\"576\" src=\"https:\/\/generacionnueva.com.co\/wp-content\/uploads\/2021\/01\/alberto-fernandez-960909-1024x576.jpg\" alt=\"\" class=\"wp-image-499\" srcset=\"https:\/\/generacionnueva.com.co\/wp-content\/uploads\/2021\/01\/alberto-fernandez-960909-1024x576.jpg 1024w, https:\/\/generacionnueva.com.co\/wp-content\/uploads\/2021\/01\/alberto-fernandez-960909-300x169.jpg 300w, https:\/\/generacionnueva.com.co\/wp-content\/uploads\/2021\/01\/alberto-fernandez-960909-768x432.jpg 768w, https:\/\/generacionnueva.com.co\/wp-content\/uploads\/2021\/01\/alberto-fernandez-960909-696x392.jpg 696w, https:\/\/generacionnueva.com.co\/wp-content\/uploads\/2021\/01\/alberto-fernandez-960909-1068x601.jpg 1068w, https:\/\/generacionnueva.com.co\/wp-content\/uploads\/2021\/01\/alberto-fernandez-960909-747x420.jpg 747w, https:\/\/generacionnueva.com.co\/wp-content\/uploads\/2021\/01\/alberto-fernandez-960909.jpg 1280w\" sizes=\"(max-width: 1024px) 100vw, 1024px\" \/><figcaption><em>Alberto Fern\u00e1ndez, presidente de Argentina<\/em><\/figcaption><\/figure>\n\n\n\n<ul class=\"wp-block-list\"><li><strong>LA FUERZA DEL MOVIMIENTO FEMINISTA<\/strong><\/li><\/ul>\n\n\n\n<p>En la \u00faltima d\u00e9cada, el feminismo argentino ha tomado una fuerza descomunal debido a su \u00e9xito en campa\u00f1as en redes como por ejemplo la de Ni una menos, un movimiento en contra de la violencia y feminicidios, que dieron pie a la creaci\u00f3n de asambleas que se transformaron en un movimiento pol\u00edtico heterog\u00e9neo importante. Precisamente la despenalizaci\u00f3n del aborto siempre fue un tema de debate y en simbolismo de lucha feminista lanzaron la Marea Verde, para fungir como \u201cv\u00edctimas de este flagelo\u201d<\/p>\n\n\n\n<figure class=\"wp-block-image size-large\"><img decoding=\"async\" width=\"1024\" height=\"576\" src=\"https:\/\/generacionnueva.com.co\/wp-content\/uploads\/2021\/01\/marea-verde-1024x576.jpg\" alt=\"\" class=\"wp-image-498\" srcset=\"https:\/\/generacionnueva.com.co\/wp-content\/uploads\/2021\/01\/marea-verde-1024x576.jpg 1024w, https:\/\/generacionnueva.com.co\/wp-content\/uploads\/2021\/01\/marea-verde-300x169.jpg 300w, https:\/\/generacionnueva.com.co\/wp-content\/uploads\/2021\/01\/marea-verde-768x432.jpg 768w, https:\/\/generacionnueva.com.co\/wp-content\/uploads\/2021\/01\/marea-verde-1536x864.jpg 1536w, https:\/\/generacionnueva.com.co\/wp-content\/uploads\/2021\/01\/marea-verde-696x392.jpg 696w, https:\/\/generacionnueva.com.co\/wp-content\/uploads\/2021\/01\/marea-verde-1068x601.jpg 1068w, https:\/\/generacionnueva.com.co\/wp-content\/uploads\/2021\/01\/marea-verde-747x420.jpg 747w, https:\/\/generacionnueva.com.co\/wp-content\/uploads\/2021\/01\/marea-verde.jpg 1600w\" sizes=\"(max-width: 1024px) 100vw, 1024px\" \/><figcaption>Marea verde<\/figcaption><\/figure>\n\n\n\n<ul class=\"wp-block-list\"><li><strong>CAMBIO HIST\u00d3RICO EN LA OPINI\u00d3N DE LOS LEGISLADORES<\/strong><\/li><\/ul>\n\n\n\n<p>En los \u00faltimos 20 a\u00f1os, la legalizaci\u00f3n del aborto ya hab\u00eda sido contemplada por el poder legislativo argentino en ocho oportunidades y siempre se sobrepuso el no a reformar la norma establecida desde 1920, que permit\u00eda la interrupci\u00f3n del embarazo solamente con causal de violaci\u00f3n o en peligro de muerte de la madre.<\/p>\n\n\n\n<p>Sin embargo, lo hist\u00f3rico del caso es que el mismo congreso que en 2018 dio la negativa ahora cambi\u00f3 la mentalidad, como por ejemplo los legisladores del lado de Cristina Kirchner, quien ahora da su voto a favor, seg\u00fan porque se dej\u00f3 persuadir de su hija.<\/p>\n\n\n\n<p>La opini\u00f3n p\u00fablica tambi\u00e9n caus\u00f3 la inclinaci\u00f3n en la balanza, pues seg\u00fan un estudio publicado en noviembre por Ipsos, la poblaci\u00f3n argentina aument\u00f3 su tendencia de aprobaci\u00f3n al aborto en el \u00faltimo semestre de 64% a 75%.<\/p>\n\n\n\n<figure class=\"wp-block-image size-large\"><img decoding=\"async\" width=\"2560\" height=\"1735\" src=\"https:\/\/generacionnueva.com.co\/wp-content\/uploads\/2021\/01\/Cristina-Kirchner-La-voz-scaled.jpg\" alt=\"\" class=\"wp-image-500\" srcset=\"https:\/\/generacionnueva.com.co\/wp-content\/uploads\/2021\/01\/Cristina-Kirchner-La-voz-scaled.jpg 2560w, https:\/\/generacionnueva.com.co\/wp-content\/uploads\/2021\/01\/Cristina-Kirchner-La-voz-300x203.jpg 300w\" sizes=\"(max-width: 2560px) 100vw, 2560px\" \/><figcaption>Cristina Kirchner, vicepresidenta del gobierno argentino.<\/figcaption><\/figure>\n\n\n\n<p><\/p>\n","protected":false},"excerpt":{"rendered":"<p>El 2020 cerr\u00f3 en Argentina con una noticia nefasta contra la vida y es la legalidad en la interrupci\u00f3n de embarazos. El Senado de ese pa\u00eds aprob\u00f3 el proyecto de ley con 38 votos a favor, 29 en contra y una abstenci\u00f3n, mientras que en las calles miles de mujeres del movimiento feminista esperaban ansiosas,&#8230;<\/p>\n","protected":false},"author":1,"featured_media":496,"comment_status":"open","ping_status":"open","sticky":false,"template":"","format":"standard","meta":{"footnotes":""},"categories":[36],"tags":[170,171,172,175,173],"class_list":["post-495","post","type-post","status-publish","format-standard","has-post-thumbnail","hentry","category-actualidad","tag-aborto","tag-aborto-en-argentina","tag-argentina","tag-cristina-kirchner","tag-ley-del-aborto","th-blog blog-single has-post-thumbnail"],"amp_enabled":true,"_links":{"self":[{"href":"https:\/\/generacionnueva.com.co\/index.php\/wp-json\/wp\/v2\/posts\/495","targetHints":{"allow":["GET"]}}],"collection":[{"href":"https:\/\/generacionnueva.com.co\/index.php\/wp-json\/wp\/v2\/posts"}],"about":[{"href":"https:\/\/generacionnueva.com.co\/index.php\/wp-json\/wp\/v2\/types\/post"}],"author":[{"embeddable":true,"href":"https:\/\/generacionnueva.com.co\/index.php\/wp-json\/wp\/v2\/users\/1"}],"replies":[{"embeddable":true,"href":"https:\/\/generacionnueva.com.co\/index.php\/wp-json\/wp\/v2\/comments?post=495"}],"version-history":[{"count":2,"href":"https:\/\/generacionnueva.com.co\/index.php\/wp-json\/wp\/v2\/posts\/495\/revisions"}],"predecessor-version":[{"id":503,"href":"https:\/\/generacionnueva.com.co\/index.php\/wp-json\/wp\/v2\/posts\/495\/revisions\/503"}],"wp:featuredmedia":[{"embeddable":true,"href":"https:\/\/generacionnueva.com.co\/index.php\/wp-json\/wp\/v2\/media\/496"}],"wp:attachment":[{"href":"https:\/\/generacionnueva.com.co\/index.php\/wp-json\/wp\/v2\/media?parent=495"}],"wp:term":[{"taxonomy":"category","embeddable":true,"href":"https:\/\/generacionnueva.com.co\/index.php\/wp-json\/wp\/v2\/categories?post=495"},{"taxonomy":"post_tag","embeddable":true,"href":"https:\/\/generacionnueva.com.co\/index.php\/wp-json\/wp\/v2\/tags?post=495"}],"curies":[{"name":"wp","href":"https:\/\/api.w.org\/{rel}","templated":true}]}}