{"id":479,"date":"2020-10-19T17:17:58","date_gmt":"2020-10-19T17:17:58","guid":{"rendered":"https:\/\/generacionnueva.com.co\/?p=479"},"modified":"2020-10-19T17:19:46","modified_gmt":"2020-10-19T17:19:46","slug":"nuevo-reporte-positivo-de-luis-palau-en-su-lucha-contra-el-cancer","status":"publish","type":"post","link":"https:\/\/generacionnueva.com.co\/index.php\/2020\/10\/19\/nuevo-reporte-positivo-de-luis-palau-en-su-lucha-contra-el-cancer\/","title":{"rendered":"Nuevo reporte positivo de Luis Palau en su lucha contra el c\u00e1ncer"},"content":{"rendered":"\n<p>El evangelista y misionero <strong>Luis Palau<\/strong> trae reporte de buenas noticias ante el c\u00e1ncer que viene padeciendo hace tres a\u00f1os. Su familia se refiri\u00f3 sobre su estado de salud y comentan que \u00a0ante las \u00faltimas pruebas realizadas \u00e9l se encuentra estable.<\/p>\n\n\n\n<p>Palau contin\u00faa respondiendo de buena manera a los tratamientos de quimioterapia, pese a que el c\u00e1ncer de pulm\u00f3n con met\u00e1stasis a\u00fan est\u00e1. Seg\u00fan cuenta su familia, se ha reunido la semana pasada con su onc\u00f3logo y no presenta nuevos tumores o manchas que causen preocupaci\u00f3n.<\/p>\n\n\n\n<p>Mientras tanto, <strong>el admirado misionero de 85 a\u00f1os Luis Palau<\/strong> no descansa en su prop\u00f3sito de expandir el evangelio de la palabra de Dios por el mundo. Por ejemplo, ha estado muy activo grabando videos para varios proyectos ministeriales, con el debido protocolo frente a la Covid-19.<\/p>\n\n\n\n<p>Si hay algo admirable en la vida de Luis Palau es su tenacidad apoyada por la disciplina de trabajo incondicional de su familia. Su esposa, junto con la familia han emprendido brigadas de evangelizaci\u00f3n por el mundo que han servido para transformar millares de vidas y salvando almas para Cristo.<\/p>\n\n\n\n<p>La revista Generaci\u00f3n Nueva estar\u00e1 pendiente de la salud del escritor y evangelista argentino estadounidense, pero tambi\u00e9n, prestos para ayudar a promover los eventos que sean de servicio al creador.<\/p>\n","protected":false},"excerpt":{"rendered":"<p>El evangelista y misionero Luis Palau trae reporte de buenas noticias ante el c\u00e1ncer que viene padeciendo hace tres a\u00f1os. Su familia se refiri\u00f3 sobre su estado de salud y comentan que \u00a0ante las \u00faltimas pruebas realizadas \u00e9l se encuentra estable. Palau contin\u00faa respondiendo de buena manera a los tratamientos de quimioterapia, pese a que&#8230;<\/p>\n","protected":false},"author":1,"featured_media":480,"comment_status":"open","ping_status":"open","sticky":false,"template":"","format":"standard","meta":{"footnotes":""},"categories":[36,47],"tags":[160,76],"class_list":["post-479","post","type-post","status-publish","format-standard","has-post-thumbnail","hentry","category-actualidad","category-ministerio","tag-familia-palau","tag-luis-palau","th-blog blog-single has-post-thumbnail"],"amp_enabled":true,"_links":{"self":[{"href":"https:\/\/generacionnueva.com.co\/index.php\/wp-json\/wp\/v2\/posts\/479","targetHints":{"allow":["GET"]}}],"collection":[{"href":"https:\/\/generacionnueva.com.co\/index.php\/wp-json\/wp\/v2\/posts"}],"about":[{"href":"https:\/\/generacionnueva.com.co\/index.php\/wp-json\/wp\/v2\/types\/post"}],"author":[{"embeddable":true,"href":"https:\/\/generacionnueva.com.co\/index.php\/wp-json\/wp\/v2\/users\/1"}],"replies":[{"embeddable":true,"href":"https:\/\/generacionnueva.com.co\/index.php\/wp-json\/wp\/v2\/comments?post=479"}],"version-history":[{"count":1,"href":"https:\/\/generacionnueva.com.co\/index.php\/wp-json\/wp\/v2\/posts\/479\/revisions"}],"predecessor-version":[{"id":481,"href":"https:\/\/generacionnueva.com.co\/index.php\/wp-json\/wp\/v2\/posts\/479\/revisions\/481"}],"wp:featuredmedia":[{"embeddable":true,"href":"https:\/\/generacionnueva.com.co\/index.php\/wp-json\/wp\/v2\/media\/480"}],"wp:attachment":[{"href":"https:\/\/generacionnueva.com.co\/index.php\/wp-json\/wp\/v2\/media?parent=479"}],"wp:term":[{"taxonomy":"category","embeddable":true,"href":"https:\/\/generacionnueva.com.co\/index.php\/wp-json\/wp\/v2\/categories?post=479"},{"taxonomy":"post_tag","embeddable":true,"href":"https:\/\/generacionnueva.com.co\/index.php\/wp-json\/wp\/v2\/tags?post=479"}],"curies":[{"name":"wp","href":"https:\/\/api.w.org\/{rel}","templated":true}]}}