{"id":468,"date":"2020-09-18T18:54:00","date_gmt":"2020-09-18T18:54:00","guid":{"rendered":"https:\/\/generacionnueva.com.co\/?p=468"},"modified":"2020-09-24T18:58:48","modified_gmt":"2020-09-24T18:58:48","slug":"me-dices-la-nueva-cancion-de-lorelei-taron","status":"publish","type":"post","link":"https:\/\/generacionnueva.com.co\/index.php\/2020\/09\/18\/me-dices-la-nueva-cancion-de-lorelei-taron\/","title":{"rendered":"\u2018Me dices\u2019 la nueva canci\u00f3n de Lorelei Tar\u00f3n"},"content":{"rendered":"\n<p>Para <strong>Lorelei Tar\u00f3n<\/strong> este viernes 18 de septiembre es un d\u00eda muy feliz, no s\u00f3lo por el nacimiento de su hijo <strong>Jedidiah Falcao<\/strong>, tambi\u00e9n porque su nuevo single <strong>&#8216;Me dices<\/strong>&#8216; vio la luz.<\/p>\n\n\n\n<p>&#8220;Me dices es una canci\u00f3n que he compuesto inspirada en todas esas mujeres que est\u00e1n atravesando una situaci\u00f3n dif\u00edcil, aquellas que les presentan su mejor sonrisa al mundo, pero por dentro lloran sin consuelo. Con esta canci\u00f3n les recuerdo que no est\u00e1n solas, que pueden levantarse nuevamente, que son capaces de escribir una nueva historia y sobre todo, que son valiosas y amadas por nuestro creador: Dios&#8221;, declar\u00f3 Lorelei en sus redes.<\/p>\n\n\n\n<p>Precisamente el video de su sencillo est\u00e1 producido con una est\u00e9tica especial en un espacio no convencional en el que se muestran objetos alusivos a mujeres esforzadas. &#8220;Cada silla representa una vida, una mujer, una historia, preocupaciones y dificultades que todas llevamos a nuestras espaldas. Pero es justo en esa silla, en ese lugar, en medio de las cargas, donde Dios nos recuerda que \u00c9l est\u00e1 con nosotras, que no nos deja y que jam\u00e1s dejar\u00e1 de hablar palabras de vida sobre cada una de nosotras&#8221;, a\u00f1adi\u00f3 la salmista argentina sobre su portada.<\/p>\n\n\n\n<p><strong>Lorelei Tar\u00f3n<\/strong> en este momento disfruta de su familia en Estambul junto a su esposo el futbolista colombiano <strong>Falcao Garc\u00eda<\/strong>, a la vez que trabaja en su ministerio musical.<\/p>\n","protected":false},"excerpt":{"rendered":"<p>Para Lorelei Tar\u00f3n este viernes 18 de septiembre es un d\u00eda muy feliz, no s\u00f3lo por el nacimiento de su hijo Jedidiah Falcao, tambi\u00e9n porque su nuevo single &#8216;Me dices&#8216; vio la luz. &#8220;Me dices es una canci\u00f3n que he compuesto inspirada en todas esas mujeres que est\u00e1n atravesando una situaci\u00f3n dif\u00edcil, aquellas que les&#8230;<\/p>\n","protected":false},"author":1,"featured_media":470,"comment_status":"open","ping_status":"open","sticky":false,"template":"","format":"video","meta":{"footnotes":""},"categories":[36,39],"tags":[151],"class_list":["post-468","post","type-post","status-publish","format-video","has-post-thumbnail","hentry","category-actualidad","category-musica","tag-lorelei-taron","post_format-post-format-video","th-blog blog-single has-post-thumbnail"],"amp_enabled":true,"_links":{"self":[{"href":"https:\/\/generacionnueva.com.co\/index.php\/wp-json\/wp\/v2\/posts\/468","targetHints":{"allow":["GET"]}}],"collection":[{"href":"https:\/\/generacionnueva.com.co\/index.php\/wp-json\/wp\/v2\/posts"}],"about":[{"href":"https:\/\/generacionnueva.com.co\/index.php\/wp-json\/wp\/v2\/types\/post"}],"author":[{"embeddable":true,"href":"https:\/\/generacionnueva.com.co\/index.php\/wp-json\/wp\/v2\/users\/1"}],"replies":[{"embeddable":true,"href":"https:\/\/generacionnueva.com.co\/index.php\/wp-json\/wp\/v2\/comments?post=468"}],"version-history":[{"count":1,"href":"https:\/\/generacionnueva.com.co\/index.php\/wp-json\/wp\/v2\/posts\/468\/revisions"}],"predecessor-version":[{"id":469,"href":"https:\/\/generacionnueva.com.co\/index.php\/wp-json\/wp\/v2\/posts\/468\/revisions\/469"}],"wp:featuredmedia":[{"embeddable":true,"href":"https:\/\/generacionnueva.com.co\/index.php\/wp-json\/wp\/v2\/media\/470"}],"wp:attachment":[{"href":"https:\/\/generacionnueva.com.co\/index.php\/wp-json\/wp\/v2\/media?parent=468"}],"wp:term":[{"taxonomy":"category","embeddable":true,"href":"https:\/\/generacionnueva.com.co\/index.php\/wp-json\/wp\/v2\/categories?post=468"},{"taxonomy":"post_tag","embeddable":true,"href":"https:\/\/generacionnueva.com.co\/index.php\/wp-json\/wp\/v2\/tags?post=468"}],"curies":[{"name":"wp","href":"https:\/\/api.w.org\/{rel}","templated":true}]}}