{"id":3146,"date":"2025-08-02T17:32:00","date_gmt":"2025-08-02T22:32:00","guid":{"rendered":"https:\/\/generacionnueva.com.co\/?p=3146"},"modified":"2025-11-18T17:50:38","modified_gmt":"2025-11-18T22:50:38","slug":"sopla-en-mi-oscar-rodo-alex-campos-y-emmanuel-worship-revelan-en-exclusiva-el-corazon-detras-de-su-nueva-cancion","status":"publish","type":"post","link":"https:\/\/generacionnueva.com.co\/index.php\/2025\/08\/02\/sopla-en-mi-oscar-rodo-alex-campos-y-emmanuel-worship-revelan-en-exclusiva-el-corazon-detras-de-su-nueva-cancion\/","title":{"rendered":"\u201cSopla en M\u00ed: \u00d3scar Rodo, Alex Campos y Emmanuel Worship revelan en exclusiva el coraz\u00f3n detr\u00e1s de su nueva canci\u00f3n\u201d"},"content":{"rendered":"\n<p>La nueva colaboraci\u00f3n entre <strong>\u00d3scar Rodo, Alex Campos y Emmanuel Worship<\/strong> ya est\u00e1 disponible y est\u00e1 despertando una ola de expectaci\u00f3n en la escena cristiana de habla hispana. <em><strong>Sopla en M\u00ed<\/strong><\/em>, una canci\u00f3n fresca, \u00edntima y profundamente espiritual, se convierte desde su lanzamiento en un clamor de adoraci\u00f3n que invita al Esp\u00edritu Santo a renovar, avivar y transformar los corazones.<\/p>\n\n\n\n<p>La propuesta musical combina la sensibilidad l\u00edrica de \u00d3scar Rodo, la experiencia y sello inconfundible de Alex Campos, y la fuerza congregacional que caracteriza a Emmanuel Worship. El resultado es un tema que fluye entre lo devocional y lo prof\u00e9tico, llevando al oyente a un espacio de encuentro con Dios a trav\u00e9s de una melod\u00eda c\u00e1lida y una producci\u00f3n actual.<\/p>\n\n\n\n<h3 class=\"wp-block-heading\"><strong>Una conversaci\u00f3n profunda con sus protagonistas<\/strong><\/h3>\n\n\n\n<p>En el marco de este lanzamiento, <strong>Generaci\u00f3n Nueva tuvo acceso exclusivo a los artistas<\/strong>, quienes compartieron no solo el coraz\u00f3n detr\u00e1s de la canci\u00f3n, sino tambi\u00e9n detalles in\u00e9ditos de c\u00f3mo naci\u00f3 la colaboraci\u00f3n, qu\u00e9 los inspir\u00f3 espiritualmente y c\u00f3mo ven el mover del Esp\u00edritu Santo en esta generaci\u00f3n.<\/p>\n\n\n\n<p>Durante la entrevista, los protagonistas de la canci\u00f3n destacaron la importancia de volver a la sencillez de la oraci\u00f3n y del anhelo por la presencia de Dios, tambi\u00e9n del deseo de que este tema se convierta en un c\u00e1ntico congregacional para las iglesias de Latinoam\u00e9rica. \u00d3scar Rodo comparti\u00f3 c\u00f3mo el proceso creativo fue tambi\u00e9n un proceso de b\u00fasqueda personal, donde el Se\u00f1or les llev\u00f3 a escribir desde la honestidad y la vulnerabilidad.<\/p>\n\n\n\n<p><em><strong>Sopla en M\u00ed<\/strong><\/em> no solo se proyecta como una canci\u00f3n destacada musicalmente, sino como un recordatorio para la iglesia de que el Esp\u00edritu Santo sigue obrando con poder en medio de su pueblo. El sencillo, que ya se encuentra disponible en plataformas digitales, promete convertirse en un referente de adoraci\u00f3n para esta temporada.<\/p>\n\n\n\n<p>A continuaci\u00f3n, puedes ver la entrevista completa realizada por Generaci\u00f3n Nueva, disponible en nuestro canal de YouTube:<\/p>\n\n\n\n<figure class=\"wp-block-embed is-type-video is-provider-youtube wp-block-embed-youtube wp-embed-aspect-16-9 wp-has-aspect-ratio\"><div class=\"wp-block-embed__wrapper\">\n<iframe title=\"\u00d3scar Rodo &amp; Emmanuel Worship,historia detr\u00e1s de \u201cSopla En M\u00ed\u201d ft Alex Campos | Entrevista Exclusiva\" width=\"751\" height=\"422\" src=\"https:\/\/www.youtube.com\/embed\/fvGxnHNGe28?start=1&#038;feature=oembed\" frameborder=\"0\" allow=\"accelerometer; autoplay; clipboard-write; encrypted-media; gyroscope; picture-in-picture; web-share\" referrerpolicy=\"strict-origin-when-cross-origin\" allowfullscreen><\/iframe>\n<\/div><\/figure>\n","protected":false},"excerpt":{"rendered":"<p>La nueva colaboraci\u00f3n entre \u00d3scar Rodo, Alex Campos y Emmanuel Worship ya est\u00e1 disponible y est\u00e1 despertando una ola de expectaci\u00f3n en la escena cristiana de habla hispana. Sopla en M\u00ed, una canci\u00f3n fresca, \u00edntima y profundamente espiritual, se convierte desde su lanzamiento en un clamor de adoraci\u00f3n que invita al Esp\u00edritu Santo a renovar,&#8230;<\/p>\n","protected":false},"author":1,"featured_media":3148,"comment_status":"open","ping_status":"open","sticky":false,"template":"","format":"standard","meta":{"footnotes":""},"categories":[308],"tags":[77,8816,8814,642,8813,8815],"class_list":["post-3146","post","type-post","status-publish","format-standard","has-post-thumbnail","hentry","category-entrevista","tag-alex-campos","tag-entrevista-exclusiva","tag-familia-emmanuel-worship","tag-lanzamiento-cristiano","tag-oscar-rodo","tag-sopla-en-mi","th-blog blog-single has-post-thumbnail"],"amp_enabled":true,"_links":{"self":[{"href":"https:\/\/generacionnueva.com.co\/index.php\/wp-json\/wp\/v2\/posts\/3146","targetHints":{"allow":["GET"]}}],"collection":[{"href":"https:\/\/generacionnueva.com.co\/index.php\/wp-json\/wp\/v2\/posts"}],"about":[{"href":"https:\/\/generacionnueva.com.co\/index.php\/wp-json\/wp\/v2\/types\/post"}],"author":[{"embeddable":true,"href":"https:\/\/generacionnueva.com.co\/index.php\/wp-json\/wp\/v2\/users\/1"}],"replies":[{"embeddable":true,"href":"https:\/\/generacionnueva.com.co\/index.php\/wp-json\/wp\/v2\/comments?post=3146"}],"version-history":[{"count":1,"href":"https:\/\/generacionnueva.com.co\/index.php\/wp-json\/wp\/v2\/posts\/3146\/revisions"}],"predecessor-version":[{"id":3149,"href":"https:\/\/generacionnueva.com.co\/index.php\/wp-json\/wp\/v2\/posts\/3146\/revisions\/3149"}],"wp:featuredmedia":[{"embeddable":true,"href":"https:\/\/generacionnueva.com.co\/index.php\/wp-json\/wp\/v2\/media\/3148"}],"wp:attachment":[{"href":"https:\/\/generacionnueva.com.co\/index.php\/wp-json\/wp\/v2\/media?parent=3146"}],"wp:term":[{"taxonomy":"category","embeddable":true,"href":"https:\/\/generacionnueva.com.co\/index.php\/wp-json\/wp\/v2\/categories?post=3146"},{"taxonomy":"post_tag","embeddable":true,"href":"https:\/\/generacionnueva.com.co\/index.php\/wp-json\/wp\/v2\/tags?post=3146"}],"curies":[{"name":"wp","href":"https:\/\/api.w.org\/{rel}","templated":true}]}}