{"id":3055,"date":"2025-08-25T19:08:20","date_gmt":"2025-08-26T00:08:20","guid":{"rendered":"https:\/\/generacionnueva.com.co\/?p=3055"},"modified":"2025-08-26T19:20:21","modified_gmt":"2025-08-27T00:20:21","slug":"anna-ly-estrena-hacia-el-cielo-un-canto-de-esperanza-presentado-en-la-fiesta-de-la-hispanidad-en-miami","status":"publish","type":"post","link":"https:\/\/generacionnueva.com.co\/index.php\/2025\/08\/25\/anna-ly-estrena-hacia-el-cielo-un-canto-de-esperanza-presentado-en-la-fiesta-de-la-hispanidad-en-miami\/","title":{"rendered":"Anna Ly estrena &#8220;Hacia el Cielo&#8221;, un canto de esperanza presentado en la Fiesta de la Hispanidad en Miami"},"content":{"rendered":"\n<p>En medio de un ambiente de celebraci\u00f3n cultural y fe compartida, la cantautora ecuatoriana Anna Ly present\u00f3 oficialmente su m\u00e1s reciente sencillo <strong>\u201cHacia el Cielo\u201d<\/strong>, un tema que formar\u00e1 parte de su tercera producci\u00f3n discogr\u00e1fica programada para finales de octubre. La presentaci\u00f3n se da en el marco de la <strong>Fiesta de la Hispanidad<\/strong>, durante el <strong>Media, Music Marketing Summit<\/strong>, encuentro que del 11 al 13 de septiembre reunir\u00e1 a comunicadores, artistas, l\u00edderes y medios internacionales en la ciudad de Miami.<\/p>\n\n\n\n<p>Con voz c\u00e1lida y un mensaje cargado de esperanza, Anna Ly describi\u00f3 la esencia de su nueva canci\u00f3n: <em>\u201cPara m\u00ed, esta canci\u00f3n es un recordatorio de que nuestra vida aqu\u00ed es pasajera. Estamos en un viaje y nuestro destino final es estar con Jes\u00fas. Quiero que, al escucharla, las personas puedan renovar su esperanza y alegr\u00eda en esa promesa\u201d<\/em>, expres\u00f3 la artista.<\/p>\n\n\n\n<p>El lanzamiento internacional de <strong>\u201cHacia el Cielo\u201d<\/strong> refleja no solo la fuerza de la m\u00fasica cristiana en la cultura hispana, sino tambi\u00e9n el compromiso de Anna Ly con transmitir mensajes que fortalezcan la fe y animen al coraz\u00f3n.<\/p>\n\n\n\n<p>La canci\u00f3n ya est\u00e1 disponible en todas las plataformas digitales, mientras que su videoclip puede disfrutarse en el canal oficial de YouTube de la artista: <strong>@analymusic<\/strong>. Con esta nueva entrega, Anna Ly reafirma su lugar como una de las voces femeninas m\u00e1s inspiradoras dentro de la m\u00fasica cristiana contempor\u00e1nea, invitando a todos a levantar la mirada y caminar con gozo hacia la eternidad prometida.<\/p>\n","protected":false},"excerpt":{"rendered":"<p>En medio de un ambiente de celebraci\u00f3n cultural y fe compartida, la cantautora ecuatoriana Anna Ly present\u00f3 oficialmente su m\u00e1s reciente sencillo \u201cHacia el Cielo\u201d, un tema que formar\u00e1 parte de su tercera producci\u00f3n discogr\u00e1fica programada para finales de octubre. La presentaci\u00f3n se da en el marco de la Fiesta de la Hispanidad, durante el&#8230;<\/p>\n","protected":false},"author":1,"featured_media":3057,"comment_status":"open","ping_status":"open","sticky":false,"template":"","format":"standard","meta":{"footnotes":""},"categories":[39],"tags":[],"class_list":["post-3055","post","type-post","status-publish","format-standard","has-post-thumbnail","hentry","category-musica","th-blog blog-single has-post-thumbnail"],"amp_enabled":true,"_links":{"self":[{"href":"https:\/\/generacionnueva.com.co\/index.php\/wp-json\/wp\/v2\/posts\/3055","targetHints":{"allow":["GET"]}}],"collection":[{"href":"https:\/\/generacionnueva.com.co\/index.php\/wp-json\/wp\/v2\/posts"}],"about":[{"href":"https:\/\/generacionnueva.com.co\/index.php\/wp-json\/wp\/v2\/types\/post"}],"author":[{"embeddable":true,"href":"https:\/\/generacionnueva.com.co\/index.php\/wp-json\/wp\/v2\/users\/1"}],"replies":[{"embeddable":true,"href":"https:\/\/generacionnueva.com.co\/index.php\/wp-json\/wp\/v2\/comments?post=3055"}],"version-history":[{"count":1,"href":"https:\/\/generacionnueva.com.co\/index.php\/wp-json\/wp\/v2\/posts\/3055\/revisions"}],"predecessor-version":[{"id":3058,"href":"https:\/\/generacionnueva.com.co\/index.php\/wp-json\/wp\/v2\/posts\/3055\/revisions\/3058"}],"wp:featuredmedia":[{"embeddable":true,"href":"https:\/\/generacionnueva.com.co\/index.php\/wp-json\/wp\/v2\/media\/3057"}],"wp:attachment":[{"href":"https:\/\/generacionnueva.com.co\/index.php\/wp-json\/wp\/v2\/media?parent=3055"}],"wp:term":[{"taxonomy":"category","embeddable":true,"href":"https:\/\/generacionnueva.com.co\/index.php\/wp-json\/wp\/v2\/categories?post=3055"},{"taxonomy":"post_tag","embeddable":true,"href":"https:\/\/generacionnueva.com.co\/index.php\/wp-json\/wp\/v2\/tags?post=3055"}],"curies":[{"name":"wp","href":"https:\/\/api.w.org\/{rel}","templated":true}]}}