{"id":2978,"date":"2025-05-22T22:58:54","date_gmt":"2025-05-23T03:58:54","guid":{"rendered":"https:\/\/generacionnueva.com.co\/?p=2978"},"modified":"2025-05-22T22:58:54","modified_gmt":"2025-05-23T03:58:54","slug":"una-jornada-para-el-alma-y-el-cuerpo-la-nhclc-promueve-el-bienestar-integral-en-harrisburg","status":"publish","type":"post","link":"https:\/\/generacionnueva.com.co\/index.php\/2025\/05\/22\/una-jornada-para-el-alma-y-el-cuerpo-la-nhclc-promueve-el-bienestar-integral-en-harrisburg\/","title":{"rendered":"Una jornada para el alma y el cuerpo: La NHCLC promueve el bienestar integral en Harrisburg"},"content":{"rendered":"\n<p>El pasado viernes 16 de mayo, la Iglesia Casa de Oraci\u00f3n y Avivamiento (COA) se convirti\u00f3 en un punto de encuentro para pastores, l\u00edderes y miembros de distintas congregaciones que buscan cuidar no solo su vida espiritual, sino tambi\u00e9n su salud emocional y f\u00edsica. Esta jornada especial fue organizada por el Cap\u00edtulo de Pennsylvania de la <em>National Hispanic Christian Leadership Conference<\/em> (NHCLC), bajo la direcci\u00f3n del pastor Edelmiro Santana.<\/p>\n\n\n\n<p>La iniciativa, titulada <em>Cl\u00ednica de Salud Ministerial<\/em>, fue mucho m\u00e1s que un evento: fue un espacio de renovaci\u00f3n, aprendizaje y unidad. Durante tres horas, los asistentes recibieron herramientas pr\u00e1cticas y orientaci\u00f3n b\u00edblica para fortalecer su salud en diversas \u00e1reas. La NHCLC dej\u00f3 claro, una vez m\u00e1s, su compromiso con el bienestar integral de la iglesia hispana.<\/p>\n\n\n\n<p>Entre los ponentes estuvieron los pastores Charles y Reina Olmeda, quienes compartieron con sabidur\u00eda sobre el cuidado pastoral y personal, recordando que quienes gu\u00edan tambi\u00e9n necesitan ser guiados y sostenidos. Uno de los momentos m\u00e1s emotivos de la jornada vino de la mano de la pastora Carmen Luz Rivera, reconocida autora y editora, quien ofreci\u00f3 un mensaje profundo sobre la prevenci\u00f3n del suicidio. Su llamado: \u201cBusca ayuda, no est\u00e1s solo\u201d, toc\u00f3 los corazones de muchos y dej\u00f3 una semilla de esperanza entre los presentes.<\/p>\n\n\n\n<p>La jornada tambi\u00e9n cont\u00f3 con el respaldo de organizaciones comunitarias como <em>The LIBRE Initiative<\/em>, adem\u00e1s de la visita de candidatos locales que conversaron con l\u00edderes eclesi\u00e1sticos sobre el valor del voto informado y la participaci\u00f3n ciudadana desde una perspectiva de fe y compromiso con la comunidad.<\/p>\n\n\n\n<p>Sin duda, esta jornada marc\u00f3 un hito en la regi\u00f3n, abriendo camino para futuras iniciativas enfocadas en el liderazgo sano y la atenci\u00f3n integral de quienes sirven a otros. La NHCLC sigue dando pasos firmes en su misi\u00f3n de empoderar a la iglesia hispana, con una visi\u00f3n centrada en Cristo y en el bienestar de todo el cuerpo de Cristo.<\/p>\n\n\n\n<hr class=\"wp-block-separator has-alpha-channel-opacity\"\/>\n\n\n\n<p><strong>Sobre la NHCLC<\/strong><\/p>\n\n\n\n<p>La <em>National Hispanic Christian Leadership Conference<\/em>, presidida por el Rev. Samuel Rodr\u00edguez, representa a miles de iglesias hispanas en Estados Unidos y m\u00e1s all\u00e1. Su misi\u00f3n es servir, unificar y levantar una voz de liderazgo en el \u00e1mbito cristiano, con principios basados en el evangelio. Ha sido reconocida como la mayor representaci\u00f3n de los evang\u00e9licos latinos en el pa\u00eds por medios como CNN, Fox News, The New York Times y Univisi\u00f3n, entre otros.<\/p>\n\n\n\n<p>Para m\u00e1s informaci\u00f3n, visita:<a href=\"http:\/\/www.nhclc.org\"> www.nhclc.org<br><\/a> Twitter:<a href=\"https:\/\/twitter.com\/nhclc\"> @nhclc<\/a><\/p>\n\n\n\n<p><\/p>\n\n\n\n<p><em>Con informaci\u00f3n de prensa: El Mensaje Comunicaciones<\/em><\/p>\n","protected":false},"excerpt":{"rendered":"<p>El pasado viernes 16 de mayo, la Iglesia Casa de Oraci\u00f3n y Avivamiento (COA) se convirti\u00f3 en un punto de encuentro para pastores, l\u00edderes y miembros de distintas congregaciones que buscan cuidar no solo su vida espiritual, sino tambi\u00e9n su salud emocional y f\u00edsica. Esta jornada especial fue organizada por el Cap\u00edtulo de Pennsylvania de&#8230;<\/p>\n","protected":false},"author":1,"featured_media":2980,"comment_status":"open","ping_status":"open","sticky":false,"template":"","format":"standard","meta":{"footnotes":""},"categories":[43],"tags":[7913,7912],"class_list":["post-2978","post","type-post","status-publish","format-standard","has-post-thumbnail","hentry","category-eventos","tag-harrisburg","tag-la-nhclc","th-blog blog-single has-post-thumbnail"],"amp_enabled":true,"_links":{"self":[{"href":"https:\/\/generacionnueva.com.co\/index.php\/wp-json\/wp\/v2\/posts\/2978","targetHints":{"allow":["GET"]}}],"collection":[{"href":"https:\/\/generacionnueva.com.co\/index.php\/wp-json\/wp\/v2\/posts"}],"about":[{"href":"https:\/\/generacionnueva.com.co\/index.php\/wp-json\/wp\/v2\/types\/post"}],"author":[{"embeddable":true,"href":"https:\/\/generacionnueva.com.co\/index.php\/wp-json\/wp\/v2\/users\/1"}],"replies":[{"embeddable":true,"href":"https:\/\/generacionnueva.com.co\/index.php\/wp-json\/wp\/v2\/comments?post=2978"}],"version-history":[{"count":1,"href":"https:\/\/generacionnueva.com.co\/index.php\/wp-json\/wp\/v2\/posts\/2978\/revisions"}],"predecessor-version":[{"id":2981,"href":"https:\/\/generacionnueva.com.co\/index.php\/wp-json\/wp\/v2\/posts\/2978\/revisions\/2981"}],"wp:featuredmedia":[{"embeddable":true,"href":"https:\/\/generacionnueva.com.co\/index.php\/wp-json\/wp\/v2\/media\/2980"}],"wp:attachment":[{"href":"https:\/\/generacionnueva.com.co\/index.php\/wp-json\/wp\/v2\/media?parent=2978"}],"wp:term":[{"taxonomy":"category","embeddable":true,"href":"https:\/\/generacionnueva.com.co\/index.php\/wp-json\/wp\/v2\/categories?post=2978"},{"taxonomy":"post_tag","embeddable":true,"href":"https:\/\/generacionnueva.com.co\/index.php\/wp-json\/wp\/v2\/tags?post=2978"}],"curies":[{"name":"wp","href":"https:\/\/api.w.org\/{rel}","templated":true}]}}