{"id":2716,"date":"2024-08-04T20:21:44","date_gmt":"2024-08-05T01:21:44","guid":{"rendered":"https:\/\/generacionnueva.com.co\/?p=2716"},"modified":"2024-08-05T20:34:08","modified_gmt":"2024-08-06T01:34:08","slug":"exitosa-movilizacion-de-las-iglesias-en-colombia","status":"publish","type":"post","link":"https:\/\/generacionnueva.com.co\/index.php\/2024\/08\/04\/exitosa-movilizacion-de-las-iglesias-en-colombia\/","title":{"rendered":"Exitosa movilizaci\u00f3n de las iglesias en Colombia\u00a0"},"content":{"rendered":"\n<p>Las iglesias cristianas y la cat\u00f3lica se unieron en Colombia en una gran movilizaci\u00f3n por la paz del pa\u00eds, logrando que miles de personas en ciudades como: Bogot\u00e1, Bucaramanga y Manizales salieran a marchar para proclamar la necesidad de una aut\u00e9ntica conciliaci\u00f3n y sobre todo proclamar el nombre de Jesucristo. <\/p>\n\n\n\n<p>En Bogot\u00e1 D.C, la movilizaci\u00f3n fue masiva para la gran marcha nacional para Jes\u00fas. Miles de personas comenzaron su marcha aproximadamente a las 12:15 p. m. del domingo, 4 de agosto de 2024, partiendo del Parque Nacional con destino a la emblem\u00e1tica Plaza de Bol\u00edvar. Los participantes de la marcha expresaron su deseo de crear un espacio concreto donde la paz pueda ser una realidad tangible. Dejaron claro que no marchan por intereses pol\u00edticos ni por ning\u00fan otro prop\u00f3sito m\u00e1s all\u00e1 de promulgar la vocaci\u00f3n de Jesucristo.<\/p>\n\n\n\n<p>Los gremios de fe cristianos y cat\u00f3licos se congregaron en este evento para manifestar su compromiso con la paz, destacando la importancia de construir un futuro de esperanza desde los valores de Jesucristo, la fe y la uni\u00f3n. Frente al Congreso de la Rep\u00fablica, se ofrecieron palabras especiales sobre la lucha continua por la paz y la necesidad de trabajar juntos como naci\u00f3n para alcanzar este noble objetivo. Hubo oportunidad para la alabanza y adoraci\u00f3n por bandas reconocida como Su Presencia, adem\u00e1s de la oportunidad para escuchar reflexiones de pastores como Dar\u00edo Silva y Andr\u00e9s Corson. <\/p>\n\n\n\n<figure class=\"wp-block-image size-large is-resized\"><img fetchpriority=\"high\" decoding=\"async\" width=\"1024\" height=\"576\" src=\"https:\/\/generacionnueva.com.co\/wp-content\/uploads\/2024\/08\/marcha-1024x576.avif\" alt=\"\" class=\"wp-image-2719\" style=\"width:826px;height:auto\" srcset=\"https:\/\/generacionnueva.com.co\/wp-content\/uploads\/2024\/08\/marcha-1024x576.avif 1024w, https:\/\/generacionnueva.com.co\/wp-content\/uploads\/2024\/08\/marcha-300x169.avif 300w, https:\/\/generacionnueva.com.co\/wp-content\/uploads\/2024\/08\/marcha-768x432.avif 768w, https:\/\/generacionnueva.com.co\/wp-content\/uploads\/2024\/08\/marcha-747x420.avif 747w, https:\/\/generacionnueva.com.co\/wp-content\/uploads\/2024\/08\/marcha-150x84.avif 150w, https:\/\/generacionnueva.com.co\/wp-content\/uploads\/2024\/08\/marcha-696x392.avif 696w, https:\/\/generacionnueva.com.co\/wp-content\/uploads\/2024\/08\/marcha-1068x601.avif 1068w, https:\/\/generacionnueva.com.co\/wp-content\/uploads\/2024\/08\/marcha.avif 1280w\" sizes=\"(max-width: 1024px) 100vw, 1024px\" \/><\/figure>\n\n\n\n<p>En Bucaramanga, cientos de personas marcharon por la paz en un recorrido que inici\u00f3 a las 12:30 p. m. desde el Parque de los Ni\u00f1os y culmin\u00f3 en la plaza c\u00edvica Luis Carlos Gal\u00e1n con un plant\u00f3n. Este evento no distingui\u00f3 entre religiones, convocando a todas las iglesias de la ciudad a unirse por una causa com\u00fan: el cese de la guerra en algunas regiones de Colombia y la consecuci\u00f3n de una paz duradera con los grupos armados.<\/p>\n\n\n\n<p>En Manizales, centenares de personas participaron en una marcha por una de las v\u00edas principales de la ciudad, la avenida Santander. Denominada \u201cMarcha con Jesucristo, Colombia en Paz\u201d, este evento ten\u00eda como objetivo exaltar a Jes\u00fas como la esperanza de la naci\u00f3n y liberar al pa\u00eds de la opresi\u00f3n espiritual.<\/p>\n\n\n\n<p>Dirigida a todas las personas de fe, esta marcha busc\u00f3 unir a la comunidad en un esp\u00edritu de paz y esperanza. Durante el recorrido, los participantes proclamaron frases como \u201cSi mi pueblo tiene vida, Jes\u00fas es la salida\u201d y \u201cLa esperanza est\u00e1 en Jes\u00fas y Colombia despierta. La esperanza est\u00e1 en la puerta\u201d. La marcha comenz\u00f3 en la avenida Santander y finaliz\u00f3 en el sector del Parque Caldas.<\/p>\n\n\n\n<p>Estas movilizaciones demuestran el poder de la fe y la unidad para promover la paz en Colombia. La Iglesia cat\u00f3lica y cristiana han mostrado que, m\u00e1s all\u00e1 de las diferencias, es posible trabajar juntos por un objetivo com\u00fan: la construcci\u00f3n de una paz sostenible y verdadera basada en los valores de Jesucristo.<\/p>\n\n\n\n<p>Este domingo fue un d\u00eda significativo para todos los que participaron, y un recordatorio de que la paz es posible cuando la fe y la unidad se convierten en los motores del cambio.<\/p>\n","protected":false},"excerpt":{"rendered":"<p>Las iglesias cristianas y la cat\u00f3lica se unieron en Colombia en una gran movilizaci\u00f3n por la paz del pa\u00eds, logrando que miles de personas en ciudades como: Bogot\u00e1, Bucaramanga y Manizales salieran a marchar para proclamar la necesidad de una aut\u00e9ntica conciliaci\u00f3n y sobre todo proclamar el nombre de Jesucristo. En Bogot\u00e1 D.C, la movilizaci\u00f3n&#8230;<\/p>\n","protected":false},"author":1,"featured_media":2718,"comment_status":"open","ping_status":"open","sticky":false,"template":"","format":"standard","meta":{"footnotes":""},"categories":[36,43],"tags":[6934,6933,6932,6931],"class_list":["post-2716","post","type-post","status-publish","format-standard","has-post-thumbnail","hentry","category-actualidad","category-eventos","tag-marcha-de-las-iglesias","tag-marcha-del-4-de-agosto","tag-marcha-nacional-para-jesus","tag-marcha-por-jesus","th-blog blog-single has-post-thumbnail"],"amp_enabled":true,"_links":{"self":[{"href":"https:\/\/generacionnueva.com.co\/index.php\/wp-json\/wp\/v2\/posts\/2716","targetHints":{"allow":["GET"]}}],"collection":[{"href":"https:\/\/generacionnueva.com.co\/index.php\/wp-json\/wp\/v2\/posts"}],"about":[{"href":"https:\/\/generacionnueva.com.co\/index.php\/wp-json\/wp\/v2\/types\/post"}],"author":[{"embeddable":true,"href":"https:\/\/generacionnueva.com.co\/index.php\/wp-json\/wp\/v2\/users\/1"}],"replies":[{"embeddable":true,"href":"https:\/\/generacionnueva.com.co\/index.php\/wp-json\/wp\/v2\/comments?post=2716"}],"version-history":[{"count":1,"href":"https:\/\/generacionnueva.com.co\/index.php\/wp-json\/wp\/v2\/posts\/2716\/revisions"}],"predecessor-version":[{"id":2720,"href":"https:\/\/generacionnueva.com.co\/index.php\/wp-json\/wp\/v2\/posts\/2716\/revisions\/2720"}],"wp:featuredmedia":[{"embeddable":true,"href":"https:\/\/generacionnueva.com.co\/index.php\/wp-json\/wp\/v2\/media\/2718"}],"wp:attachment":[{"href":"https:\/\/generacionnueva.com.co\/index.php\/wp-json\/wp\/v2\/media?parent=2716"}],"wp:term":[{"taxonomy":"category","embeddable":true,"href":"https:\/\/generacionnueva.com.co\/index.php\/wp-json\/wp\/v2\/categories?post=2716"},{"taxonomy":"post_tag","embeddable":true,"href":"https:\/\/generacionnueva.com.co\/index.php\/wp-json\/wp\/v2\/tags?post=2716"}],"curies":[{"name":"wp","href":"https:\/\/api.w.org\/{rel}","templated":true}]}}