{"id":2705,"date":"2024-08-02T19:35:14","date_gmt":"2024-08-03T00:35:14","guid":{"rendered":"https:\/\/generacionnueva.com.co\/?p=2705"},"modified":"2024-08-05T19:46:24","modified_gmt":"2024-08-06T00:46:24","slug":"nuevo-centro-para-la-salud-ministerial-iniciativa-de-nhclc","status":"publish","type":"post","link":"https:\/\/generacionnueva.com.co\/index.php\/2024\/08\/02\/nuevo-centro-para-la-salud-ministerial-iniciativa-de-nhclc\/","title":{"rendered":"Nuevo Centro para la Salud Ministerial, iniciativa de NHCLC"},"content":{"rendered":"\n<p>La Conferencia Nacional de Liderazgo Cristiano Hispano (NHCLC), colaboraci\u00f3n con el Instituto de Sanaci\u00f3n de Traumas, un componente de la Sociedad B\u00edblica Americana, se enorgullecen en anunciar el lanzamiento del Centro para la Salud Ministerial y su innovadora Iniciativa de Salud Mental.<\/p>\n\n\n\n<p>La actividad se realizar\u00e1 el 10 de septiembre de 12:00 p.m. a 3:00 p.m. en las instalaciones de la Sociedad B\u00edblica Americana en Filadelfia, Pensilvania, con la participaci\u00f3n de l\u00edderes y pastores hispanos de alta influencia en todo el pa\u00eds.<\/p>\n\n\n\n<p>Este evento busca abordar las necesidades cr\u00edticas de salud mental de los pastores y l\u00edderes latinos, proporcion\u00e1ndoles herramientas y recursos esenciales para su bienestar y efectividad en el ministerio.<\/p>\n\n\n\n<p>La Iniciativa de Salud Mental, liderada por Reina Olmeda, tiene como misi\u00f3n fomentar y empoderar a pastores y l\u00edderes para que vivan y trabajen desde un estado mental saludable y equilibrado. &#8220;Proporcionamos herramientas y recursos para ayudar y servir mejor a sus comunidades respectivas&#8221;, explic\u00f3 Olmeda.<\/p>\n\n\n\n<figure class=\"wp-block-image size-full\"><img fetchpriority=\"high\" decoding=\"async\" width=\"940\" height=\"470\" src=\"https:\/\/generacionnueva.com.co\/wp-content\/uploads\/2024\/08\/NHCLC.jpeg\" alt=\"\" class=\"wp-image-2708\" srcset=\"https:\/\/generacionnueva.com.co\/wp-content\/uploads\/2024\/08\/NHCLC.jpeg 940w, https:\/\/generacionnueva.com.co\/wp-content\/uploads\/2024\/08\/NHCLC-300x150.jpeg 300w, https:\/\/generacionnueva.com.co\/wp-content\/uploads\/2024\/08\/NHCLC-768x384.jpeg 768w, https:\/\/generacionnueva.com.co\/wp-content\/uploads\/2024\/08\/NHCLC-840x420.jpeg 840w, https:\/\/generacionnueva.com.co\/wp-content\/uploads\/2024\/08\/NHCLC-150x75.jpeg 150w, https:\/\/generacionnueva.com.co\/wp-content\/uploads\/2024\/08\/NHCLC-696x348.jpeg 696w\" sizes=\"(max-width: 940px) 100vw, 940px\" \/><\/figure>\n\n\n\n<p>Por su parte, el reverendo Samuel Rodr\u00edguez, presidente de la NHCLC, coment\u00f3: &#8220;Estamos comprometidos a proporcionar a nuestros pastores y l\u00edderes las herramientas necesarias para enfrentar los desaf\u00edos de la salud mental. Creemos firmemente que un liderazgo saludable es fundamental para el bienestar de nuestras comunidades. Esta iniciativa es un testimonio de nuestra dedicaci\u00f3n para apoyar a nuestros l\u00edderes espirituales en todas las \u00e1reas de sus vidas\u201d. &nbsp;<\/p>\n\n\n\n<p>De igual manera, el Dr. Carlos Campo, CEO del Museo de la Biblia, tambi\u00e9n elogi\u00f3 la iniciativa, afirmando: &#8220;La salud mental es un aspecto cr\u00edtico del bienestar general, y al proporcionar recursos y apoyo adaptados, estamos dando pasos significativos hacia la sanaci\u00f3n y el empoderamiento de los l\u00edderes latinos. Juntos, podemos construir una comunidad m\u00e1s fuerte y saludable&#8221;.<\/p>\n\n\n\n<p>La iniciativa se enfoca en cuatro objetivos fundamentales:<\/p>\n\n\n\n<p>1. Comprender la salud mental en el contexto del liderazgo latino.<\/p>\n\n\n\n<p>2. Desarrollar estrategias para promover la salud mental en el liderazgo latino.<\/p>\n\n\n\n<p>3. Crear redes de apoyo para la salud mental de los l\u00edderes latinos.<\/p>\n\n\n\n<p>4. Desarrollar el liderazgo en torno a la salud mental y la comunidad latina.<\/p>\n\n\n\n<p>Olmeda destac\u00f3 la importancia de abordar los desaf\u00edos espec\u00edficos que enfrentan los l\u00edderes latinos, desde los estigmas culturales hasta las barreras idiom\u00e1ticas. &#8220;Nuestra iniciativa se asegura de que los recursos est\u00e9n disponibles tanto en espa\u00f1ol como en ingl\u00e9s, superando la barrera del idioma&#8221;, mencion\u00f3. Adem\u00e1s, se promueve la integraci\u00f3n de la fe y el bienestar mental, ofreciendo educaci\u00f3n y pr\u00e1cticas de autocuidado que son esenciales para un liderazgo efectivo.<\/p>\n\n\n\n<p>&#8220;Priorizar el bienestar mental es crucial para los pastores y l\u00edderes&#8221;, subray\u00f3 Olmeda. &#8220;Los factores estresantes, las tensiones emocionales y condiciones como la depresi\u00f3n y la ansiedad pueden afectar el bienestar de su comunidad, congregaci\u00f3n, familia y ellos mismos&#8221;. Tambi\u00e9n destac\u00f3 la interconexi\u00f3n de la mente, el esp\u00edritu y el cuerpo, resaltando la responsabilidad de los l\u00edderes espirituales de cuidarse intencionalmente.<\/p>\n\n\n\n<p>La iniciativa implementar\u00e1 estrategias espec\u00edficas como educaci\u00f3n y concientizaci\u00f3n sobre problemas de salud mental, talleres, seminarios y grupos de apoyo. Adem\u00e1s, se colaborar\u00e1 con profesionales de la salud mental para proporcionar recursos culturalmente sensibles y promover t\u00e9cnicas de manejo del estr\u00e9s. &#8220;Nuestra asociaci\u00f3n con el Instituto de Sanidad Traum\u00e1tica servir\u00e1 para equipar y capacitar a los l\u00edderes con las herramientas necesarias para entrenar a sus seguidores&#8221;, a\u00f1adi\u00f3 Olmeda.<\/p>\n\n\n\n<p>La NHCLC integra ense\u00f1anzas b\u00edblicas y valores cristianos en su enfoque hacia la salud mental. &#8220;Nos esforzamos por promover un modelo de discipulado de vida integral que ampl\u00ede su perspectiva de abundancia m\u00e1s all\u00e1 de la fe, el conocimiento b\u00edblico y las pr\u00e1cticas religiosas, para abarcar relaciones saludables, bienestar, vocaci\u00f3n, salud financiera y mayordom\u00eda&#8221;, explic\u00f3 Olmeda.<\/p>\n\n\n\n<p>De igual manera, este evento servir\u00e1 como plataforma de lanzamiento para la Iniciativa de Salud Mental, ofreciendo una oportunidad educativa para asociaciones actuales y potenciales. &#8220;El MHI tiene como objetivo comprender la salud mental en el contexto del liderazgo latino, desarrollar estrategias para promover la salud mental y crear redes de apoyo para los l\u00edderes latinos&#8221;, destac\u00f3 Olmeda.<\/p>\n\n\n\n<p>Olmeda finaliz\u00f3 con un mensaje para los pastores y l\u00edderes latinos: &#8220;Muy pocas organizaciones est\u00e1n abordando activamente tres de las necesidades m\u00e1s apremiantes que afectan a la iglesia en general: Salud Espiritual, Salud Financiera y Salud Mental, en un lugar central. La NHCLC y su Centro de Salud Ministerial se presentan como un conducto viable a trav\u00e9s del cual los l\u00edderes de la iglesia pueden recibir recursos, capacitaci\u00f3n y establecer conexiones necesarias para ayudar a educar, involucrar y capacitar a la iglesia latina.&#8221;<\/p>\n\n\n\n<p>Adem\u00e1s de la Iniciativa de Salud Mental, se destacar\u00e1n los otros dos componentes del Centro de Salud Ministerial: la Iniciativa de Salud Espiritual y la Iniciativa de Salud Financiera, ofreciendo recursos esenciales para cada una.<\/p>\n\n\n\n<p>El lanzamiento de estas iniciativas marca un paso significativo hacia el apoyo integral de los l\u00edderes latinos, promoviendo un entorno saludable y equilibrado para ellos y sus comunidades.<\/p>\n\n\n\n<p>Para inscribirse gratis, visite&nbsp;<a href=\"https:\/\/click.mlsend2.com\/link\/c\/YT0yNTM4MDk5NDkwNzEyMTk3MTgwJmM9YTdiOSZlPTAmYj0xMzQ4MzkzOTQ1JmQ9dTd1OWw0eg==.NBegydInwULBH2wcmoVzb5uNWLh46oAvJbF9dExfw4s\">este enlace<\/a>.<\/p>\n\n\n\n<p><em>Con informaci\u00f3n de prensa: El Mensaje Comunicaciones<\/em><\/p>\n\n\n\n<p><\/p>\n","protected":false},"excerpt":{"rendered":"<p>La Conferencia Nacional de Liderazgo Cristiano Hispano (NHCLC), colaboraci\u00f3n con el Instituto de Sanaci\u00f3n de Traumas, un componente de la Sociedad B\u00edblica Americana, se enorgullecen en anunciar el lanzamiento del Centro para la Salud Ministerial y su innovadora Iniciativa de Salud Mental. La actividad se realizar\u00e1 el 10 de septiembre de 12:00 p.m. a 3:00&#8230;<\/p>\n","protected":false},"author":1,"featured_media":2707,"comment_status":"open","ping_status":"open","sticky":false,"template":"","format":"standard","meta":{"footnotes":""},"categories":[49],"tags":[6913,6914,6911,6912,5290],"class_list":["post-2705","post","type-post","status-publish","format-standard","has-post-thumbnail","hentry","category-bienestar","tag-centro-para-la-salud-ministerial","tag-conferencia-nacional-de-liderazgo-cristiano-hispano","tag-dr-carlos-ocampo","tag-museo-de-la-biblia","tag-nhclc","th-blog blog-single has-post-thumbnail"],"amp_enabled":true,"_links":{"self":[{"href":"https:\/\/generacionnueva.com.co\/index.php\/wp-json\/wp\/v2\/posts\/2705","targetHints":{"allow":["GET"]}}],"collection":[{"href":"https:\/\/generacionnueva.com.co\/index.php\/wp-json\/wp\/v2\/posts"}],"about":[{"href":"https:\/\/generacionnueva.com.co\/index.php\/wp-json\/wp\/v2\/types\/post"}],"author":[{"embeddable":true,"href":"https:\/\/generacionnueva.com.co\/index.php\/wp-json\/wp\/v2\/users\/1"}],"replies":[{"embeddable":true,"href":"https:\/\/generacionnueva.com.co\/index.php\/wp-json\/wp\/v2\/comments?post=2705"}],"version-history":[{"count":1,"href":"https:\/\/generacionnueva.com.co\/index.php\/wp-json\/wp\/v2\/posts\/2705\/revisions"}],"predecessor-version":[{"id":2709,"href":"https:\/\/generacionnueva.com.co\/index.php\/wp-json\/wp\/v2\/posts\/2705\/revisions\/2709"}],"wp:featuredmedia":[{"embeddable":true,"href":"https:\/\/generacionnueva.com.co\/index.php\/wp-json\/wp\/v2\/media\/2707"}],"wp:attachment":[{"href":"https:\/\/generacionnueva.com.co\/index.php\/wp-json\/wp\/v2\/media?parent=2705"}],"wp:term":[{"taxonomy":"category","embeddable":true,"href":"https:\/\/generacionnueva.com.co\/index.php\/wp-json\/wp\/v2\/categories?post=2705"},{"taxonomy":"post_tag","embeddable":true,"href":"https:\/\/generacionnueva.com.co\/index.php\/wp-json\/wp\/v2\/tags?post=2705"}],"curies":[{"name":"wp","href":"https:\/\/api.w.org\/{rel}","templated":true}]}}