{"id":2675,"date":"2024-07-17T10:56:00","date_gmt":"2024-07-17T15:56:00","guid":{"rendered":"https:\/\/generacionnueva.com.co\/?p=2675"},"modified":"2024-08-05T20:45:43","modified_gmt":"2024-08-06T01:45:43","slug":"bogota-gospel-2024-una-celebracion-de-agua-de-vida","status":"publish","type":"post","link":"https:\/\/generacionnueva.com.co\/index.php\/2024\/07\/17\/bogota-gospel-2024-una-celebracion-de-agua-de-vida\/","title":{"rendered":"Bogot\u00e1 G\u00f3spel 2024: \u00a1Una Celebraci\u00f3n de Agua de Vida!"},"content":{"rendered":"\n<p><\/p>\n\n\n\n<p>El Festival de Verano 2024 promete ser un evento inolvidable con la realizaci\u00f3n del Bogot\u00e1 G\u00f3spel 2024, el pr\u00f3ximo 10 de agosto en el Parque Sim\u00f3n Bol\u00edvar. La capital colombiana vuelve a disfrutar del evento que se ha hecho grande y tradicional con los a\u00f1os y que tendr\u00e1 este a\u00f1o su edici\u00f3n n\u00famero 12, una gran oportunidad para disfrutar de la mejor m\u00fasica g\u00f3spel de manera gratuita, destacando la fusi\u00f3n de diversos estilos musicales como el latino, urbano, de adoraci\u00f3n, pop y rock.<\/p>\n\n\n\n<p>Este a\u00f1o el alcalde de la ciudad Carlos Fernando Gal\u00e1n manifest\u00f3 todo su apoyo para la realizaci\u00f3n del G\u00f3spel al parque, a trav\u00e9s de la organizaci\u00f3n de Idartes y que invita a las familias a disfrutar el pr\u00f3ximo 10 de agosto, con la oportunidad a que incluso ni\u00f1os desde los 10 a\u00f1os podr\u00e1n asistir.<\/p>\n\n\n\n<p>El festival, conocido como el m\u00e1s grande de m\u00fasica g\u00f3spel en Latinoam\u00e9rica, llega a su edici\u00f3n n\u00famero 12 bajo el lema &#8220;Agua de Vida&#8221;. Este eslogan no solo hace referencia a la situaci\u00f3n h\u00eddrica de Bogot\u00e1, sino tambi\u00e9n al mensaje espiritual de que el agua que llena nuestro ser es el agua de vida que viene de Cristo.<\/p>\n\n\n\n<p><strong>Invitados Internacionales:<\/strong><\/p>\n\n\n\n<p><strong>Juan Carlos Alvarado (Guatemala):<\/strong><\/p>\n\n\n\n<p>Reconocido adorador y salmista, quien engalana la cartelera con himnos como, &#8220;Jehov\u00e1 es mi guerrero&#8221;, &#8220;Cristo no est\u00e1 muerto&#8221;, &#8220;No basta&#8221;, &#8220;Celebra victorioso&#8221;.<\/p>\n\n\n\n<p><strong>Funky (Puerto Rico):<\/strong><\/p>\n\n\n\n<p>Rapero con m\u00e1s de 20 a\u00f1os de trayectoria, traer\u00e1 al escenario canciones ic\u00f3nicas: &#8220;Es Imposible&#8221;, &#8220;En Los Montes en los Valles&#8221;, &#8220;Justo a Tiempo&#8221;, &#8220;Bye Bye&#8221;, &#8220;Promesas&#8221;.<\/p>\n\n\n\n<p><strong>Jay Kalyl (Puerto Rico):<\/strong><\/p>\n\n\n\n<p>Artista con sonido urbano y canciones de amor. Entre su repertorio destacan temas como: Pirata, Mil Razones y Tu Amor, entre otras.<\/p>\n\n\n\n<p><strong>La Feria (Argentina):<\/strong><\/p>\n\n\n\n<p>La Feria es otra banda invitada, provenientes desde el cono sur y con voces particulares, la de Federico y su hermana Agustina, una familia musical con herencia.<\/p>\n\n\n\n<p><strong>Pepe L\u00f3pez (Estados Unidos):<\/strong><\/p>\n\n\n\n<p>Listo para hacer vibrar a los asistentes por primera vez en la capital colombiana.<\/p>\n\n\n\n<p><strong>Matamba (Bolivia):<\/strong><\/p>\n\n\n\n<p>Banda de reggae con sonidos caribe\u00f1os.<\/p>\n\n\n\n<p><strong><em>Invitados Nacionales:<\/em><\/strong><\/p>\n\n\n\n<p><strong>Gilberto Daza:<\/strong><\/p>\n\n\n\n<p>Con su ritmo vallenato y canciones conocidas como &#8220;Qui\u00e9n Dijo Miedo?&#8221;, &#8220;4 Palabras&#8221;, &#8220;Siguiendo tus Pisadas&#8221;.<\/p>\n\n\n\n<p><strong>La Reforma:<\/strong><\/p>\n\n\n\n<p>Con \u00e9xitos como &#8220;Alabao&#8221;, &#8220;Loco&#8221; y &#8220;Aleluya Party&#8221;.<\/p>\n\n\n\n<p><strong>Sion Naci\u00f3n Santa (Barranquilla):<\/strong><br>Banda con mucho sabor y mensaje.<\/p>\n\n\n\n<p><strong>3 Bandas finalistas de la convocatoria:<\/strong><\/p>\n\n\n<div class=\"wp-block-image\">\n<figure class=\"alignleft size-large is-resized\"><img fetchpriority=\"high\" decoding=\"async\" width=\"1024\" height=\"678\" src=\"https:\/\/generacionnueva.com.co\/wp-content\/uploads\/2024\/07\/Evento-Bogota-Gospel-2024-1024x678.png\" alt=\"\" class=\"wp-image-2678\" style=\"width:460px;height:auto\" srcset=\"https:\/\/generacionnueva.com.co\/wp-content\/uploads\/2024\/07\/Evento-Bogota-Gospel-2024-1024x678.png 1024w, https:\/\/generacionnueva.com.co\/wp-content\/uploads\/2024\/07\/Evento-Bogota-Gospel-2024-300x199.png 300w, https:\/\/generacionnueva.com.co\/wp-content\/uploads\/2024\/07\/Evento-Bogota-Gospel-2024-768x508.png 768w, https:\/\/generacionnueva.com.co\/wp-content\/uploads\/2024\/07\/Evento-Bogota-Gospel-2024-635x420.png 635w, https:\/\/generacionnueva.com.co\/wp-content\/uploads\/2024\/07\/Evento-Bogota-Gospel-2024-150x99.png 150w, https:\/\/generacionnueva.com.co\/wp-content\/uploads\/2024\/07\/Evento-Bogota-Gospel-2024-696x461.png 696w, https:\/\/generacionnueva.com.co\/wp-content\/uploads\/2024\/07\/Evento-Bogota-Gospel-2024-1068x707.png 1068w, https:\/\/generacionnueva.com.co\/wp-content\/uploads\/2024\/07\/Evento-Bogota-Gospel-2024.png 1307w\" sizes=\"(max-width: 1024px) 100vw, 1024px\" \/><\/figure>\n<\/div>\n\n\n<p>Para las 104 bandas emergentes que aplicaron a la convocatoria a trav\u00e9s de unos videos que enviaron previamente a la organizaci\u00f3n de Bogot\u00e1 Gospel, ser\u00e1n escogidas 12 por el jurado calificador, quienes tendr\u00e1n en cuenta aspectos de proyecci\u00f3n, calidad t\u00e9cnica y musical. Estas 12 bandas tendr\u00e1n su audici\u00f3n el 20 de julio en el escenario de la Media Torta de Bogot\u00e1 y ser\u00e1n finalmente escogidas 3 bandas que har\u00e1n parte del cartel oficial de Bogot\u00e1 Gospel 2024.<\/p>\n\n\n\n<p>El evento de lanzamiento de Bogot\u00e1 G\u00f3spel 2024, en el que asisti\u00f3 la Revista Generaci\u00f3n Nueva, estuvo amenizado por la banda Pescao Vivo, Hern\u00e1n de Arco, las coreograf\u00edas de Estudio 12 y con presencia de artistas como Dani Galeano.<\/p>\n\n\n\n<p>\u00a1No te pierdas Bogot\u00e1 G\u00f3spel 2024! Las puertas se abren desde la 1 PM el s\u00e1bado 10 de agosto en el Parque Metropolitano Sim\u00f3n Bol\u00edvar. \u00a1La entrada es gratis y la experiencia ser\u00e1 inolvidable!<\/p>\n\n\n\n<figure class=\"wp-block-embed is-type-video is-provider-youtube wp-block-embed-youtube wp-embed-aspect-16-9 wp-has-aspect-ratio\"><div class=\"wp-block-embed__wrapper\">\n<iframe title=\"Lanzamiento Bogot\u00e1 G\u00f3spel 2024 , Agua de Vida\" width=\"751\" height=\"422\" src=\"https:\/\/www.youtube.com\/embed\/AgaB4NOGehw?feature=oembed\" frameborder=\"0\" allow=\"accelerometer; autoplay; clipboard-write; encrypted-media; gyroscope; picture-in-picture; web-share\" referrerpolicy=\"strict-origin-when-cross-origin\" allowfullscreen><\/iframe>\n<\/div><\/figure>\n","protected":false},"excerpt":{"rendered":"<p>El Festival de Verano 2024 promete ser un evento inolvidable con la realizaci\u00f3n del Bogot\u00e1 G\u00f3spel 2024, el pr\u00f3ximo 10 de agosto en el Parque Sim\u00f3n Bol\u00edvar. La capital colombiana vuelve a disfrutar del evento que se ha hecho grande y tradicional con los a\u00f1os y que tendr\u00e1 este a\u00f1o su edici\u00f3n n\u00famero 12, una&#8230;<\/p>\n","protected":false},"author":1,"featured_media":2677,"comment_status":"open","ping_status":"open","sticky":true,"template":"","format":"standard","meta":{"footnotes":""},"categories":[43,39],"tags":[6761,6759,6758,6760,183,6766,647,6762,5096,600,6764,6763,6765],"class_list":["post-2675","post","type-post","status-publish","format-standard","has-post-thumbnail","hentry","category-eventos","category-musica","tag-agua-de-vida","tag-bogota-gospel-2024-2","tag-bogota-gospel-2024","tag-bogota-gospel-2024-agua-de-vida","tag-funky","tag-jay-kalyil","tag-jay-kalyl","tag-juan-carlos-alvarado","tag-la-feria","tag-la-reforma","tag-matamba","tag-pepe-lopez","tag-sion-nacion-santa","th-blog blog-single has-post-thumbnail"],"amp_enabled":true,"_links":{"self":[{"href":"https:\/\/generacionnueva.com.co\/index.php\/wp-json\/wp\/v2\/posts\/2675","targetHints":{"allow":["GET"]}}],"collection":[{"href":"https:\/\/generacionnueva.com.co\/index.php\/wp-json\/wp\/v2\/posts"}],"about":[{"href":"https:\/\/generacionnueva.com.co\/index.php\/wp-json\/wp\/v2\/types\/post"}],"author":[{"embeddable":true,"href":"https:\/\/generacionnueva.com.co\/index.php\/wp-json\/wp\/v2\/users\/1"}],"replies":[{"embeddable":true,"href":"https:\/\/generacionnueva.com.co\/index.php\/wp-json\/wp\/v2\/comments?post=2675"}],"version-history":[{"count":2,"href":"https:\/\/generacionnueva.com.co\/index.php\/wp-json\/wp\/v2\/posts\/2675\/revisions"}],"predecessor-version":[{"id":2686,"href":"https:\/\/generacionnueva.com.co\/index.php\/wp-json\/wp\/v2\/posts\/2675\/revisions\/2686"}],"wp:featuredmedia":[{"embeddable":true,"href":"https:\/\/generacionnueva.com.co\/index.php\/wp-json\/wp\/v2\/media\/2677"}],"wp:attachment":[{"href":"https:\/\/generacionnueva.com.co\/index.php\/wp-json\/wp\/v2\/media?parent=2675"}],"wp:term":[{"taxonomy":"category","embeddable":true,"href":"https:\/\/generacionnueva.com.co\/index.php\/wp-json\/wp\/v2\/categories?post=2675"},{"taxonomy":"post_tag","embeddable":true,"href":"https:\/\/generacionnueva.com.co\/index.php\/wp-json\/wp\/v2\/tags?post=2675"}],"curies":[{"name":"wp","href":"https:\/\/api.w.org\/{rel}","templated":true}]}}