{"id":2547,"date":"2024-05-01T02:39:50","date_gmt":"2024-05-01T02:39:50","guid":{"rendered":"https:\/\/generacionnueva.com.co\/?p=2547"},"modified":"2024-05-10T02:58:01","modified_gmt":"2024-05-10T02:58:01","slug":"la-esencia-de-majo-y-dan-sesiones-acusticas-para-conectar-con-lo-mas-profundo","status":"publish","type":"post","link":"https:\/\/generacionnueva.com.co\/index.php\/2024\/05\/01\/la-esencia-de-majo-y-dan-sesiones-acusticas-para-conectar-con-lo-mas-profundo\/","title":{"rendered":"&#8220;La esencia de Majo y Dan: &#8216;Sesiones ac\u00fasticas&#8217; para conectar con lo m\u00e1s profundo&#8221;"},"content":{"rendered":"\n<p>Majo y Dan son habituales protagonistas de la revista Generaci\u00f3n Nueva por la autenticidad en su m\u00fasica y constantes lanzamientos. Recientemente, estos talentosos artistas han revelado en diversas plataformas las versiones ac\u00fasticas de los principales temas de su aclamado \u00e1lbum <strong>&#8220;No yo, sino Cristo&#8221;<\/strong>. Ahora, nos deleitan con el lanzamiento de un EP que re\u00fane estas cuatro nuevas interpretaciones bajo el t\u00edtulo de &#8220;Sesiones ac\u00fasticas&#8221;, acompa\u00f1ado por el esperado videoclip del tema &#8220;Ofrenda&#8221;.<\/p>\n\n\n\n<p>Lo que hace \u00fanico a este EP es que las canciones fueron capturadas en su estado m\u00e1s puro, sin intervenciones de producci\u00f3n que distraigan de la esencia del momento. El objetivo es claro: reflejar, tanto en lo auditivo como en lo visual, el mensaje de cada canci\u00f3n. En palabras de <strong>Majo Sol\u00eds<\/strong>: &#8220;Nuestro nuevo EP, &#8216;Sesiones ac\u00fasticas&#8217;, es un compendio de las canciones m\u00e1s escuchadas de nuestro \u00faltimo \u00e1lbum, &#8216;No yo, sino Cristo&#8217;, en su versi\u00f3n m\u00e1s cruda e \u00edntima&#8221;.<\/p>\n\n\n<div class=\"wp-block-image\">\n<figure class=\"alignleft size-full is-resized\"><img fetchpriority=\"high\" decoding=\"async\" width=\"897\" height=\"895\" src=\"https:\/\/generacionnueva.com.co\/wp-content\/uploads\/2024\/05\/MAJO-Y-DAN-PORTADA.png\" alt=\"\" class=\"wp-image-2548\" style=\"width:518px;height:auto\" srcset=\"https:\/\/generacionnueva.com.co\/wp-content\/uploads\/2024\/05\/MAJO-Y-DAN-PORTADA.png 897w, https:\/\/generacionnueva.com.co\/wp-content\/uploads\/2024\/05\/MAJO-Y-DAN-PORTADA-300x299.png 300w, https:\/\/generacionnueva.com.co\/wp-content\/uploads\/2024\/05\/MAJO-Y-DAN-PORTADA-150x150.png 150w, https:\/\/generacionnueva.com.co\/wp-content\/uploads\/2024\/05\/MAJO-Y-DAN-PORTADA-768x766.png 768w, https:\/\/generacionnueva.com.co\/wp-content\/uploads\/2024\/05\/MAJO-Y-DAN-PORTADA-421x420.png 421w, https:\/\/generacionnueva.com.co\/wp-content\/uploads\/2024\/05\/MAJO-Y-DAN-PORTADA-696x694.png 696w\" sizes=\"(max-width: 897px) 100vw, 897px\" \/><\/figure>\n<\/div>\n\n\n<p>El EP est\u00e1 conformado por cuatro temas, que fueron lanzados como sencillos para promocionar su \u00faltimo \u00e1lbum. Este \u00e1lbum fue grabado en vivo en Monterrey, M\u00e9xico, ciudad donde Majo y Dan residen y ministran como pastores de Iglesia Hogar, el mismo lugar que sirvi\u00f3 como escenario para estas nuevas grabaciones.<\/p>\n\n\n\n<p>La portada del EP muestra una imagen c\u00e1lida que evoca lo entra\u00f1able: Majo Sol\u00eds, sentada en el suelo, interpretando una de las canciones mientras <strong>Danilo Ruiz<\/strong> la acompa\u00f1a en la guitarra. Esta imagen fue capturada durante la filmaci\u00f3n del videoclip &#8220;Ofrenda&#8221;, un momento de adoraci\u00f3n \u00edntima y personal dirigido por Mike Bautista.<\/p>\n\n\n\n<p>La producci\u00f3n del EP estuvo a cargo de Obed Mart\u00ednez, quien conoce profundamente el arte de Majo y Dan despu\u00e9s de trabajar estrechamente con ellos durante varios a\u00f1os. Canciones como &#8220;No yo, sino Cristo&#8221;, &#8220;Fiel&#8221;, &#8220;T\u00fa proveer\u00e1s&#8221; y &#8220;Ofrenda&#8221; adquieren en su versi\u00f3n ac\u00fastica el poder de la sencillez, conectando de manera directa con el oyente. Estas canciones pueden disfrutarse en el hogar, en momentos personales de devoci\u00f3n o incluso durante los servicios de la iglesia.<\/p>\n\n\n\n<p>&#8220;Sesiones ac\u00fasticas&#8221; es un lanzamiento internacional de <strong>CanZion<\/strong>, disponible en todas las plataformas digitales. Los videoclips que acompa\u00f1an este lanzamiento ya est\u00e1n disponibles en el canal oficial del d\u00fao en YouTube.<\/p>\n\n\n\n<p>D\u00e9jate llevar por la autenticidad y la espiritualidad de <strong>Majo y Dan<\/strong> con este EP que te invita a sumergirte en la esencia pura de la m\u00fasica.<\/p>\n","protected":false},"excerpt":{"rendered":"<p>Majo y Dan son habituales protagonistas de la revista Generaci\u00f3n Nueva por la autenticidad en su m\u00fasica y constantes lanzamientos. Recientemente, estos talentosos artistas han revelado en diversas plataformas las versiones ac\u00fasticas de los principales temas de su aclamado \u00e1lbum &#8220;No yo, sino Cristo&#8221;. Ahora, nos deleitan con el lanzamiento de un EP que re\u00fane&#8230;<\/p>\n","protected":false},"author":1,"featured_media":2549,"comment_status":"open","ping_status":"open","sticky":false,"template":"","format":"standard","meta":{"footnotes":""},"categories":[39],"tags":[793,684,681,3584,5720,683],"class_list":["post-2547","post","type-post","status-publish","format-standard","has-post-thumbnail","hentry","category-musica","tag-canzion-2","tag-majo-solis","tag-majo-y-dan","tag-no-yo","tag-no-yo-sino-cristo","tag-obed-martinez","th-blog blog-single has-post-thumbnail"],"amp_enabled":true,"_links":{"self":[{"href":"https:\/\/generacionnueva.com.co\/index.php\/wp-json\/wp\/v2\/posts\/2547","targetHints":{"allow":["GET"]}}],"collection":[{"href":"https:\/\/generacionnueva.com.co\/index.php\/wp-json\/wp\/v2\/posts"}],"about":[{"href":"https:\/\/generacionnueva.com.co\/index.php\/wp-json\/wp\/v2\/types\/post"}],"author":[{"embeddable":true,"href":"https:\/\/generacionnueva.com.co\/index.php\/wp-json\/wp\/v2\/users\/1"}],"replies":[{"embeddable":true,"href":"https:\/\/generacionnueva.com.co\/index.php\/wp-json\/wp\/v2\/comments?post=2547"}],"version-history":[{"count":1,"href":"https:\/\/generacionnueva.com.co\/index.php\/wp-json\/wp\/v2\/posts\/2547\/revisions"}],"predecessor-version":[{"id":2550,"href":"https:\/\/generacionnueva.com.co\/index.php\/wp-json\/wp\/v2\/posts\/2547\/revisions\/2550"}],"wp:featuredmedia":[{"embeddable":true,"href":"https:\/\/generacionnueva.com.co\/index.php\/wp-json\/wp\/v2\/media\/2549"}],"wp:attachment":[{"href":"https:\/\/generacionnueva.com.co\/index.php\/wp-json\/wp\/v2\/media?parent=2547"}],"wp:term":[{"taxonomy":"category","embeddable":true,"href":"https:\/\/generacionnueva.com.co\/index.php\/wp-json\/wp\/v2\/categories?post=2547"},{"taxonomy":"post_tag","embeddable":true,"href":"https:\/\/generacionnueva.com.co\/index.php\/wp-json\/wp\/v2\/tags?post=2547"}],"curies":[{"name":"wp","href":"https:\/\/api.w.org\/{rel}","templated":true}]}}