{"id":2389,"date":"2024-04-08T00:51:34","date_gmt":"2024-04-08T00:51:34","guid":{"rendered":"https:\/\/generacionnueva.com.co\/?p=2389"},"modified":"2024-04-10T01:20:46","modified_gmt":"2024-04-10T01:20:46","slug":"quieres-enriquecer-tu-liderazgo-atentos-porque-estos-son-los-nuevos-cursos-del-instituto-e625","status":"publish","type":"post","link":"https:\/\/generacionnueva.com.co\/index.php\/2024\/04\/08\/quieres-enriquecer-tu-liderazgo-atentos-porque-estos-son-los-nuevos-cursos-del-instituto-e625\/","title":{"rendered":"\u00bfQui\u00e9res enriquecer tu liderazgo? Atentos porque estos son los Nuevos Cursos del Instituto e625"},"content":{"rendered":"\n<p>El Instituto e625, una plataforma l\u00edder en capacitaci\u00f3n y actualizaci\u00f3n para l\u00edderes que trabajan en ministerios desde la ni\u00f1ez hasta los j\u00f3venes, se complace en anunciar la incorporaci\u00f3n de cuatro nuevos cursos a su completo curr\u00edculo en l\u00ednea. Estos emocionantes cursos, que dar\u00e1n inicio el 3 de mayo, est\u00e1n dise\u00f1ados para ofrecer una formaci\u00f3n de alta calidad y flexibilidad, adapt\u00e1ndose a las diversas necesidades de los estudiantes en todo el mundo.<\/p>\n\n\n\n<p><strong>Sociolog\u00eda de las Nuevas Generaciones:<\/strong> En este fascinante curso dirigido por Harold Segura, Director del Departamento de Fe y Desarrollo de World Vision para Am\u00e9rica Latina y el Caribe, los participantes ser\u00e1n sumergidos en una comprensi\u00f3n completa de la ni\u00f1ez, adolescencia y juventud en Am\u00e9rica Latina desde una perspectiva social. A trav\u00e9s de an\u00e1lisis contextual, los estudiantes comprender\u00e1n los desaf\u00edos, oportunidades y derechos de esta etapa de vida, as\u00ed como aprender\u00e1n a dise\u00f1ar e implementar intervenciones sociales efectivas que promuevan el bienestar, inclusi\u00f3n y participaci\u00f3n activa de los j\u00f3venes en la sociedad.<\/p>\n\n\n\n<p><strong>C\u00f3mo Involucrar y Equipar Voluntarios para el Ministerio Infantil:<\/strong> Bajo la gu\u00eda de Luis y Sandy L\u00f3pez, pastores con m\u00e1s de 25 a\u00f1os de experiencia en el servicio a la ni\u00f1ez, este curso explorar\u00e1 estrategias efectivas para sembrar principios b\u00edblicos en la tierra f\u00e9rtil de la infancia. Los participantes aprender\u00e1n herramientas pr\u00e1cticas para reclutar y mantener voluntarios comprometidos en el ministerio infantil, as\u00ed como a apoyar a los padres en su labor de influencia en casa, creando un ambiente propicio para el crecimiento espiritual y emocional de los ni\u00f1os.<\/p>\n\n\n\n<p><strong>Programas Estrat\u00e9gicos para Preadolescentes y Adolescentes:<\/strong> Germ\u00e1n y Daniela Ortiz, con amplia experiencia en liderazgo y formaci\u00f3n ministerial, compartir\u00e1n estrategias pr\u00e1cticas para servir mejor a los preadolescentes y adolescentes. Los participantes adquirir\u00e1n conocimientos sobre las caracter\u00edsticas propias de esta etapa de vida y aprender\u00e1n c\u00f3mo presentar un mensaje relevante de Jes\u00fas a trav\u00e9s de enfoques creativos y relevantes.<\/p>\n\n\n\n<figure class=\"wp-block-image size-large\"><img fetchpriority=\"high\" decoding=\"async\" width=\"1024\" height=\"343\" src=\"https:\/\/generacionnueva.com.co\/wp-content\/uploads\/2024\/04\/image-2-1024x343.png\" alt=\"\" class=\"wp-image-2391\" srcset=\"https:\/\/generacionnueva.com.co\/wp-content\/uploads\/2024\/04\/image-2-1024x343.png 1024w, https:\/\/generacionnueva.com.co\/wp-content\/uploads\/2024\/04\/image-2-300x100.png 300w, https:\/\/generacionnueva.com.co\/wp-content\/uploads\/2024\/04\/image-2-768x257.png 768w, https:\/\/generacionnueva.com.co\/wp-content\/uploads\/2024\/04\/image-2-1536x514.png 1536w, https:\/\/generacionnueva.com.co\/wp-content\/uploads\/2024\/04\/image-2-1255x420.png 1255w, https:\/\/generacionnueva.com.co\/wp-content\/uploads\/2024\/04\/image-2-696x233.png 696w, https:\/\/generacionnueva.com.co\/wp-content\/uploads\/2024\/04\/image-2-1068x357.png 1068w, https:\/\/generacionnueva.com.co\/wp-content\/uploads\/2024\/04\/image-2.png 1665w\" sizes=\"(max-width: 1024px) 100vw, 1024px\" \/><\/figure>\n\n\n\n<p><strong>Consejer\u00eda B\u00edblica para el Ministerio con J\u00f3venes:<\/strong> Dirigido por Esteban Obando, pastor general de la Iglesia Cristo Viene en Cartago, Costa Rica, este curso se enfoca en los fundamentos de la consejer\u00eda b\u00edblica para los j\u00f3venes. Los participantes aprender\u00e1n a distinguir entre consejos humanistas y consejos b\u00edblicos, adquiriendo habilidades para guiar a los j\u00f3venes hacia una relaci\u00f3n m\u00e1s profunda con Cristo.<\/p>\n\n\n\n<p>Cada curso tiene una duraci\u00f3n de cuatro semanas y est\u00e1 dise\u00f1ado para brindar flexibilidad de acceso desde cualquier lugar, permitiendo a los estudiantes completarlos a su propio horario y ritmo. Para obtener m\u00e1s informaci\u00f3n y registrarse en estos cursos, que dar\u00e1n inicio el 3 de mayo, pueden visitar el sitio web oficial del Instituto e625 en <a href=\"http:\/\/www.institutoe625.com\/\">www.institutoe625.com<\/a>. Sum\u00e9rgete en una experiencia transformadora de aprendizaje y liderazgo con el Instituto e625. \u00a1Te esperamos!<\/p>\n","protected":false},"excerpt":{"rendered":"<p>El Instituto e625, una plataforma l\u00edder en capacitaci\u00f3n y actualizaci\u00f3n para l\u00edderes que trabajan en ministerios desde la ni\u00f1ez hasta los j\u00f3venes, se complace en anunciar la incorporaci\u00f3n de cuatro nuevos cursos a su completo curr\u00edculo en l\u00ednea. Estos emocionantes cursos, que dar\u00e1n inicio el 3 de mayo, est\u00e1n dise\u00f1ados para ofrecer una formaci\u00f3n de&#8230;<\/p>\n","protected":false},"author":1,"featured_media":2392,"comment_status":"open","ping_status":"open","sticky":false,"template":"","format":"standard","meta":{"footnotes":""},"categories":[40],"tags":[5574,5573,474],"class_list":["post-2389","post","type-post","status-publish","format-standard","has-post-thumbnail","hentry","category-literatura","tag-german-y-daniela-ortiz","tag-harold-segura","tag-lucas-leys","th-blog blog-single has-post-thumbnail"],"amp_enabled":true,"_links":{"self":[{"href":"https:\/\/generacionnueva.com.co\/index.php\/wp-json\/wp\/v2\/posts\/2389","targetHints":{"allow":["GET"]}}],"collection":[{"href":"https:\/\/generacionnueva.com.co\/index.php\/wp-json\/wp\/v2\/posts"}],"about":[{"href":"https:\/\/generacionnueva.com.co\/index.php\/wp-json\/wp\/v2\/types\/post"}],"author":[{"embeddable":true,"href":"https:\/\/generacionnueva.com.co\/index.php\/wp-json\/wp\/v2\/users\/1"}],"replies":[{"embeddable":true,"href":"https:\/\/generacionnueva.com.co\/index.php\/wp-json\/wp\/v2\/comments?post=2389"}],"version-history":[{"count":1,"href":"https:\/\/generacionnueva.com.co\/index.php\/wp-json\/wp\/v2\/posts\/2389\/revisions"}],"predecessor-version":[{"id":2393,"href":"https:\/\/generacionnueva.com.co\/index.php\/wp-json\/wp\/v2\/posts\/2389\/revisions\/2393"}],"wp:featuredmedia":[{"embeddable":true,"href":"https:\/\/generacionnueva.com.co\/index.php\/wp-json\/wp\/v2\/media\/2392"}],"wp:attachment":[{"href":"https:\/\/generacionnueva.com.co\/index.php\/wp-json\/wp\/v2\/media?parent=2389"}],"wp:term":[{"taxonomy":"category","embeddable":true,"href":"https:\/\/generacionnueva.com.co\/index.php\/wp-json\/wp\/v2\/categories?post=2389"},{"taxonomy":"post_tag","embeddable":true,"href":"https:\/\/generacionnueva.com.co\/index.php\/wp-json\/wp\/v2\/tags?post=2389"}],"curies":[{"name":"wp","href":"https:\/\/api.w.org\/{rel}","templated":true}]}}