{"id":234,"date":"2018-08-22T05:28:37","date_gmt":"2018-08-22T05:28:37","guid":{"rendered":"https:\/\/generacionnueva.com.co\/?p=234"},"modified":"2020-09-11T05:34:38","modified_gmt":"2020-09-11T05:34:38","slug":"miles-de-colombianos-aceptan-a-cristo-en-el-festival-palau-bogota","status":"publish","type":"post","link":"https:\/\/generacionnueva.com.co\/index.php\/2018\/08\/22\/miles-de-colombianos-aceptan-a-cristo-en-el-festival-palau-bogota\/","title":{"rendered":"Miles de colombianos aceptan a Cristo en el Festival Palau Bogot\u00e1"},"content":{"rendered":"\n<p>El Festival de la familia con Luis Palau ba\u00f1\u00f3 la capital colombiana en una ola gigante de palabra de Dios y alabanza. As\u00ed lo percibieron m\u00e1s de 300 mil asistentes durante la campa\u00f1a, que inclu\u00eda no s\u00f3lo a l\u00edderes, pastores y cristianos, sino a todos los que entregaron su coraz\u00f3n a Jesucristo.&nbsp;<\/p>\n\n\n\n<p><span style=\"background-color:#d6e8fa\" class=\"td_text_highlight_marker\">La Revista Generaci\u00f3n Nueva<\/span> te trae en im\u00e1genes los apartes de los mejores instantes de la campa\u00f1a evangel\u00edstica que se vivi\u00f3 en Bogot\u00e1 este 17, 18 y 19 de agosto.\u00a0<\/p>\n\n\n\n<p>Como si fuese una \u201cmarathon\u201d, miles asistentes en la Plaza de Bol\u00edvar y el parque El Tunal se juntaron para saltar, cantar y elevar sus manos al ritmo de grandes salmistas y adoradores. Encabezados por el cantautor bogotano Alex Campos, tambi\u00e9n estuvieron en escena Rescate, Pescao Vivo, Evan Craft, Gabriel Baz\u00e1n, Germ\u00e1n Barcel\u00f3, Generaci\u00f3n 12, Su Presencia, La Casa, Mois\u00e9s Angulo y Adriana Botina. As\u00ed mismo, el programa incluy\u00f3 un espacio para ni\u00f1os con la Chilindrina y Juanse, quienes llevaron un mensaje para ellos.&nbsp;<\/p>\n\n\n\n<p>Hubo un mover poderoso del Esp\u00edritu Santo en esta campa\u00f1a del evangelista Luis Palau celebraba 50 a\u00f1os desde la primera. Precisamente su hijo, Andr\u00e9s Palau, fue quien trajo la conferencia que impact\u00f3 a cada asistente y los que siguieron la transmisi\u00f3n exclusiva para Facebook.&nbsp;<\/p>\n","protected":false},"excerpt":{"rendered":"<p>El Festival de la familia con Luis Palau ba\u00f1\u00f3 la capital colombiana en una ola gigante de palabra de Dios y alabanza. As\u00ed lo percibieron m\u00e1s de 300 mil asistentes durante la campa\u00f1a, que inclu\u00eda no s\u00f3lo a l\u00edderes, pastores y cristianos, sino a todos los que entregaron su coraz\u00f3n a Jesucristo.&nbsp; La Revista Generaci\u00f3n&#8230;<\/p>\n","protected":false},"author":1,"featured_media":235,"comment_status":"open","ping_status":"open","sticky":false,"template":"","format":"standard","meta":{"footnotes":""},"categories":[43,47],"tags":[84,77,78,75,79,82,80,76,83,81],"class_list":["post-234","post","type-post","status-publish","format-standard","has-post-thumbnail","hentry","category-eventos","category-ministerio","tag-adriana-botina","tag-alex-campos","tag-evan-craft","tag-festival-palau-bogota","tag-gabriel-bazan","tag-generacion-12","tag-german-barcelo","tag-luis-palau","tag-moises-angulo","tag-su-presencia","th-blog blog-single has-post-thumbnail"],"amp_enabled":true,"_links":{"self":[{"href":"https:\/\/generacionnueva.com.co\/index.php\/wp-json\/wp\/v2\/posts\/234","targetHints":{"allow":["GET"]}}],"collection":[{"href":"https:\/\/generacionnueva.com.co\/index.php\/wp-json\/wp\/v2\/posts"}],"about":[{"href":"https:\/\/generacionnueva.com.co\/index.php\/wp-json\/wp\/v2\/types\/post"}],"author":[{"embeddable":true,"href":"https:\/\/generacionnueva.com.co\/index.php\/wp-json\/wp\/v2\/users\/1"}],"replies":[{"embeddable":true,"href":"https:\/\/generacionnueva.com.co\/index.php\/wp-json\/wp\/v2\/comments?post=234"}],"version-history":[{"count":1,"href":"https:\/\/generacionnueva.com.co\/index.php\/wp-json\/wp\/v2\/posts\/234\/revisions"}],"predecessor-version":[{"id":236,"href":"https:\/\/generacionnueva.com.co\/index.php\/wp-json\/wp\/v2\/posts\/234\/revisions\/236"}],"wp:featuredmedia":[{"embeddable":true,"href":"https:\/\/generacionnueva.com.co\/index.php\/wp-json\/wp\/v2\/media\/235"}],"wp:attachment":[{"href":"https:\/\/generacionnueva.com.co\/index.php\/wp-json\/wp\/v2\/media?parent=234"}],"wp:term":[{"taxonomy":"category","embeddable":true,"href":"https:\/\/generacionnueva.com.co\/index.php\/wp-json\/wp\/v2\/categories?post=234"},{"taxonomy":"post_tag","embeddable":true,"href":"https:\/\/generacionnueva.com.co\/index.php\/wp-json\/wp\/v2\/tags?post=234"}],"curies":[{"name":"wp","href":"https:\/\/api.w.org\/{rel}","templated":true}]}}