{"id":2319,"date":"2024-02-08T00:44:53","date_gmt":"2024-02-08T00:44:53","guid":{"rendered":"https:\/\/generacionnueva.com.co\/?p=2319"},"modified":"2024-02-14T01:07:31","modified_gmt":"2024-02-14T01:07:31","slug":"conoce-los-4-nuevos-cursos-de-institutoe625-com","status":"publish","type":"post","link":"https:\/\/generacionnueva.com.co\/index.php\/2024\/02\/08\/conoce-los-4-nuevos-cursos-de-institutoe625-com\/","title":{"rendered":"Conoce los 4 nuevos cursos de Institutoe625.com"},"content":{"rendered":"\n<p>El Instituto e625, reconocido por su excelencia en la formaci\u00f3n ministerial, se complace en anunciar la incorporaci\u00f3n de cuatro nuevos cursos a su programa educativo a partir del 5 de marzo de 2024.<\/p>\n\n\n\n<p>Estos cursos, dirigidos por expertos en cada campo, representan una oportunidad invaluable para el crecimiento personal y ministerial. Las inscripciones est\u00e1n abiertas en el sitio web\u00a0<a href=\"http:\/\/www.institutoe625.com\/\" target=\"_blank\" rel=\"noreferrer noopener\">www.institutoe625.com<\/a>, plataforma online que ofrece una experiencia educativa pr\u00e1ctica, flexible y accesible, brindando a los l\u00edderes las herramientas necesarias para enfrentar los desaf\u00edos actuales con confianza y sabidur\u00eda.<\/p>\n\n\n\n<p><strong>Cultura y nuevas generaciones<\/strong><\/p>\n\n\n\n<p>Este curso ofrece una inmersi\u00f3n profunda en el di\u00e1logo entre la cultura contempor\u00e1nea y los principios cristianos. Dirigido por el experto en comunicaci\u00f3n y teolog\u00eda Lucas Magnin, los estudiantes explorar\u00e1n c\u00f3mo comprender y abordar las preguntas y necesidades de las nuevas generaciones sin perder de vista el coraz\u00f3n del evangelio.&nbsp;<\/p>\n\n\n\n<p>Desde el an\u00e1lisis de los presupuestos fundamentales del pensamiento contempor\u00e1neo hasta la reflexi\u00f3n sobre la relaci\u00f3n entre la fe cristiana y la sociedad actual, este curso proporciona una base s\u00f3lida para el di\u00e1logo constructivo y relevante con la cultura.<\/p>\n\n\n\n<p><strong>Educaci\u00f3n emocional de ni\u00f1os y pre adolescentes<\/strong><\/p>\n\n\n\n<p>A trav\u00e9s de este curso, la reconocida pastora y psic\u00f3loga Noelia Arraigada gu\u00eda a los estudiantes en un viaje hacia la comprensi\u00f3n y promoci\u00f3n de la educaci\u00f3n emocional en ni\u00f1os y preadolescentes. Con un enfoque pr\u00e1ctico y basado en principios b\u00edblicos, los participantes adquieren habilidades y herramientas para ayudar a los j\u00f3venes a desarrollar una salud emocional s\u00f3lida.\u00a0<\/p>\n\n\n\n<p>Desde la gesti\u00f3n de emociones hasta la construcci\u00f3n de relaciones saludables, este curso prepara a los l\u00edderes para abordar las necesidades emocionales de las nuevas generaciones de manera efectiva y compasiva.<\/p>\n\n\n\n<p><strong>La Identidad b\u00edblica en la adolescencia <\/strong><\/p>\n\n\n\n<p>En este curso, los expertos en liderazgo juvenil Tim y Annette Gulick exploran la construcci\u00f3n de la identidad en la adolescencia desde una perspectiva b\u00edblica. A trav\u00e9s de la reflexi\u00f3n sobre preguntas fundamentales como &#8220;\u00bfQui\u00e9n soy?&#8221; y &#8220;\u00bfPor qu\u00e9 estoy aqu\u00ed?&#8221;, los estudiantes obtienen una comprensi\u00f3n m\u00e1s profunda de la identidad cristiana y su relevancia en la vida de los j\u00f3venes.&nbsp;<\/p>\n\n\n\n<p>Con un enfoque en el desarrollo personal y espiritual, este curso equipa a los l\u00edderes para acompa\u00f1ar a los adolescentes en su b\u00fasqueda de identidad y prop\u00f3sito en Cristo.<\/p>\n\n\n\n<p><strong>Salud mental y fe<\/strong><\/p>\n\n\n\n<p>El Dr. Daniel Rota y la Lic. \u00c9lida Rota, expertos en salud mental y ministerio, abordan la intersecci\u00f3n entre la salud mental y la fe en este curso transformador. A trav\u00e9s de una combinaci\u00f3n de teor\u00eda y pr\u00e1ctica, los estudiantes exploran temas como la gesti\u00f3n del estr\u00e9s, la ansiedad y la depresi\u00f3n desde una perspectiva b\u00edblica y psicol\u00f3gica.&nbsp;<\/p>\n\n\n\n<p>Con un enfoque en el autocuidado y el bienestar emocional, este curso proporciona herramientas pr\u00e1cticas para promover la salud mental tanto en el liderazgo como en la comunidad en general.<\/p>\n\n\n\n<p>Estos cursos representan una oportunidad \u00fanica para el crecimiento personal y ministerial en un entorno educativo centrado en los principios b\u00edblicos y la excelencia acad\u00e9mica. \u00a1No pierdas la oportunidad de inscribirte y llevar tu liderazgo al siguiente nivel!<\/p>\n\n\n\n<p><em>Con informaci\u00f3n de prensa El Mensaje Comunicaciones<\/em><\/p>\n","protected":false},"excerpt":{"rendered":"<p>El Instituto e625, reconocido por su excelencia en la formaci\u00f3n ministerial, se complace en anunciar la incorporaci\u00f3n de cuatro nuevos cursos a su programa educativo a partir del 5 de marzo de 2024. Estos cursos, dirigidos por expertos en cada campo, representan una oportunidad invaluable para el crecimiento personal y ministerial. Las inscripciones est\u00e1n abiertas&#8230;<\/p>\n","protected":false},"author":1,"featured_media":2321,"comment_status":"open","ping_status":"open","sticky":false,"template":"","format":"standard","meta":{"footnotes":""},"categories":[40],"tags":[5300,5296,5303,5299,5297,5301,5298,5302],"class_list":["post-2319","post","type-post","status-publish","format-standard","has-post-thumbnail","hentry","category-literatura","tag-cursos-teologicos-2024","tag-institutoe625-com","tag-lic-elida-rota","tag-liderazgo-cristiano","tag-lucas-magnin","tag-noelia-arraigada","tag-teologia","tag-tim-y-annette-gulick","th-blog blog-single has-post-thumbnail"],"amp_enabled":true,"_links":{"self":[{"href":"https:\/\/generacionnueva.com.co\/index.php\/wp-json\/wp\/v2\/posts\/2319","targetHints":{"allow":["GET"]}}],"collection":[{"href":"https:\/\/generacionnueva.com.co\/index.php\/wp-json\/wp\/v2\/posts"}],"about":[{"href":"https:\/\/generacionnueva.com.co\/index.php\/wp-json\/wp\/v2\/types\/post"}],"author":[{"embeddable":true,"href":"https:\/\/generacionnueva.com.co\/index.php\/wp-json\/wp\/v2\/users\/1"}],"replies":[{"embeddable":true,"href":"https:\/\/generacionnueva.com.co\/index.php\/wp-json\/wp\/v2\/comments?post=2319"}],"version-history":[{"count":1,"href":"https:\/\/generacionnueva.com.co\/index.php\/wp-json\/wp\/v2\/posts\/2319\/revisions"}],"predecessor-version":[{"id":2322,"href":"https:\/\/generacionnueva.com.co\/index.php\/wp-json\/wp\/v2\/posts\/2319\/revisions\/2322"}],"wp:featuredmedia":[{"embeddable":true,"href":"https:\/\/generacionnueva.com.co\/index.php\/wp-json\/wp\/v2\/media\/2321"}],"wp:attachment":[{"href":"https:\/\/generacionnueva.com.co\/index.php\/wp-json\/wp\/v2\/media?parent=2319"}],"wp:term":[{"taxonomy":"category","embeddable":true,"href":"https:\/\/generacionnueva.com.co\/index.php\/wp-json\/wp\/v2\/categories?post=2319"},{"taxonomy":"post_tag","embeddable":true,"href":"https:\/\/generacionnueva.com.co\/index.php\/wp-json\/wp\/v2\/tags?post=2319"}],"curies":[{"name":"wp","href":"https:\/\/api.w.org\/{rel}","templated":true}]}}