{"id":2314,"date":"2024-02-13T23:57:38","date_gmt":"2024-02-13T23:57:38","guid":{"rendered":"https:\/\/generacionnueva.com.co\/?p=2314"},"modified":"2024-02-13T23:57:38","modified_gmt":"2024-02-13T23:57:38","slug":"el-rev-samuel-rodriguez-explico-el-tragico-tiroteo-ocurrido-en-lakewood-church","status":"publish","type":"post","link":"https:\/\/generacionnueva.com.co\/index.php\/2024\/02\/13\/el-rev-samuel-rodriguez-explico-el-tragico-tiroteo-ocurrido-en-lakewood-church\/","title":{"rendered":"El Rev. Samuel Rodr\u00edguez explic\u00f3 el tr\u00e1gico tiroteo ocurrido en Lakewood Church"},"content":{"rendered":"\n<p>El&nbsp;<a href=\"https:\/\/click.mlsend2.com\/link\/c\/YT0yNDE0MTE3NDc3Nzc3Njc2MzM1JmM9czl3MiZlPTAmYj0xMjgzNTE3MDU4JmQ9dzZnNWw1ag==.TGXKFqh-43dAg9AFPssx0DdApC5Cvo6BBGzziO20Ddg\" target=\"_blank\" rel=\"noreferrer noopener\">Rev. Samuel Rodr\u00edguez<\/a>, presidente de la&nbsp;<a href=\"https:\/\/click.mlsend2.com\/link\/c\/YT0yNDE0MTE3NDc3Nzc3Njc2MzM1JmM9czl3MiZlPTAmYj0xMjgzNTE3MDU5JmQ9cjZrMnMyeg==.QxDNEBebbVa6Ax6Rtu4DETu0ut4e8PmEHVVt6YEQeM8\" target=\"_blank\" rel=\"noreferrer noopener\">NHCLC&nbsp;<\/a>(National Hispanic Christian Leadership Conference), se pronunci\u00f3 tras el tr\u00e1gico tiroteo ocurrido el pasado domingo 11 de febrero en la Iglesia Lakewood, liderada por el pastor Joel Osteen.<\/p>\n\n\n\n<p>El devastador suceso, que dej\u00f3 at\u00f3nitos a los fieles y simpatizantes de todo el mundo, ocurri\u00f3 poco antes de las 2 p.m. mientras los feligreses se congregaban para el servicio en espa\u00f1ol, dirigido por el pastor y cantautor Danilo Montero.<\/p>\n\n\n\n<p>El ataque fue perpetrado por Genesse Ivonne Moreno, una mujer de 36 a\u00f1os originaria de El Salvador. Moreno ingres\u00f3 a la megaiglesia, con una asistencia promedio de alrededor de 45,000 personas cada semana, y comenz\u00f3 a disparar con un rifle estilo AR-15 en un pasillo, lo que provoc\u00f3 que dos agentes de la ley respondieran con fuego.<\/p>\n\n\n\n<p>Moreno muri\u00f3 en el tiroteo, mientras que su hijo de 7 a\u00f1os, a quien llev\u00f3 al lugar, sufri\u00f3 una herida de bala en la cabeza. Un hombre de 57 a\u00f1os tambi\u00e9n result\u00f3 herido de bala en la cadera.<\/p>\n\n\n\n<p>La Polic\u00eda dice que la atacante ten\u00eda antecedentes de problemas de salud mental y un largo historial criminal, donde utilizaba el alias de Jeffery Escalante-Moreno. Aunque el motivo del tiroteo a\u00fan no est\u00e1 claro, los investigadores revelaron que Moreno utiliz\u00f3 un rifle AR-15 con una pegatina que dec\u00eda &#8220;Palestina&#8221; durante el ataque, y se encontraron escritos antisemitas en su posesi\u00f3n.<\/p>\n\n\n\n<p>En respuesta a este tr\u00e1gico suceso, el Rev. Samuel Rodr\u00edguez, destac\u00f3 que este incidente no solo ha conmocionado a la ciudad de Houston, sino que tiene m\u00faltiples implicaciones.<\/p>\n\n\n\n<p>\u201cEs una lucha entre la luz y la tiniebla\u201d, dijo el Rev. Rodr\u00edguez. \u201cCondenamos el ataque como un acto tr\u00e1gico pero tambi\u00e9n como un acto terrorista motivado por una ideolog\u00eda pol\u00edtica mundial. Fue un ataque en contra del cristianismo, un ataque antisemita y un ataque en contra de la comunidad latina, aunque el tiroteo fuera ocasionado por una persona latina\u201d.<\/p>\n\n\n\n<p>El Rev. Rodr\u00edguez destac\u00f3 la importancia de permanecer unidos en momentos como este y llam\u00f3 a la comunidad a la reflexi\u00f3n y a la oraci\u00f3n. Adem\u00e1s, expres\u00f3 su solidaridad con las v\u00edctimas y sus familias, ofreciendo apoyo y consuelo en estos momentos dif\u00edciles.<\/p>\n\n\n\n<p>Adem\u00e1s de liderar la organizaci\u00f3n cristiana hispana m\u00e1s grande del mundo, con iglesias en Estados Unidos y otras muchas repartidas por la di\u00e1spora de habla hispana, el Rev. Samuel Rodr\u00edguez es reconocido por CNN, FOX News, Univisi\u00f3n y Telemundo como el l\u00edder de fe latino\/hispano m\u00e1s influyente de Estados Unidos.<\/p>\n\n\n\n<p><em>Informaci\u00f3n de prensa El Mensaje Comunicaciones<\/em><\/p>\n","protected":false},"excerpt":{"rendered":"<p>El&nbsp;Rev. Samuel Rodr\u00edguez, presidente de la&nbsp;NHCLC&nbsp;(National Hispanic Christian Leadership Conference), se pronunci\u00f3 tras el tr\u00e1gico tiroteo ocurrido el pasado domingo 11 de febrero en la Iglesia Lakewood, liderada por el pastor Joel Osteen. El devastador suceso, que dej\u00f3 at\u00f3nitos a los fieles y simpatizantes de todo el mundo, ocurri\u00f3 poco antes de las 2 p.m&#8230;.<\/p>\n","protected":false},"author":1,"featured_media":2316,"comment_status":"open","ping_status":"open","sticky":false,"template":"","format":"standard","meta":{"footnotes":""},"categories":[36],"tags":[288,5293,471,5294,5292,5291,5290,5289],"class_list":["post-2314","post","type-post","status-publish","format-standard","has-post-thumbnail","hentry","category-actualidad","tag-danilo-montero","tag-genesse-ivonne-moreno","tag-gloriana-montero","tag-iglesia-lakewood","tag-joel-osteen","tag-national-hispanic-christian-leadership-conference","tag-nhclc","tag-rev-samuel-rodriguez","th-blog blog-single has-post-thumbnail"],"amp_enabled":true,"_links":{"self":[{"href":"https:\/\/generacionnueva.com.co\/index.php\/wp-json\/wp\/v2\/posts\/2314","targetHints":{"allow":["GET"]}}],"collection":[{"href":"https:\/\/generacionnueva.com.co\/index.php\/wp-json\/wp\/v2\/posts"}],"about":[{"href":"https:\/\/generacionnueva.com.co\/index.php\/wp-json\/wp\/v2\/types\/post"}],"author":[{"embeddable":true,"href":"https:\/\/generacionnueva.com.co\/index.php\/wp-json\/wp\/v2\/users\/1"}],"replies":[{"embeddable":true,"href":"https:\/\/generacionnueva.com.co\/index.php\/wp-json\/wp\/v2\/comments?post=2314"}],"version-history":[{"count":1,"href":"https:\/\/generacionnueva.com.co\/index.php\/wp-json\/wp\/v2\/posts\/2314\/revisions"}],"predecessor-version":[{"id":2317,"href":"https:\/\/generacionnueva.com.co\/index.php\/wp-json\/wp\/v2\/posts\/2314\/revisions\/2317"}],"wp:featuredmedia":[{"embeddable":true,"href":"https:\/\/generacionnueva.com.co\/index.php\/wp-json\/wp\/v2\/media\/2316"}],"wp:attachment":[{"href":"https:\/\/generacionnueva.com.co\/index.php\/wp-json\/wp\/v2\/media?parent=2314"}],"wp:term":[{"taxonomy":"category","embeddable":true,"href":"https:\/\/generacionnueva.com.co\/index.php\/wp-json\/wp\/v2\/categories?post=2314"},{"taxonomy":"post_tag","embeddable":true,"href":"https:\/\/generacionnueva.com.co\/index.php\/wp-json\/wp\/v2\/tags?post=2314"}],"curies":[{"name":"wp","href":"https:\/\/api.w.org\/{rel}","templated":true}]}}