{"id":2281,"date":"2023-11-03T21:13:23","date_gmt":"2023-11-03T21:13:23","guid":{"rendered":"https:\/\/generacionnueva.com.co\/?p=2281"},"modified":"2023-11-05T21:41:20","modified_gmt":"2023-11-05T21:41:20","slug":"no-hay-condena-asi-titula-el-primer-album-de-la-feria","status":"publish","type":"post","link":"https:\/\/generacionnueva.com.co\/index.php\/2023\/11\/03\/no-hay-condena-asi-titula-el-primer-album-de-la-feria\/","title":{"rendered":"&#8220;No hay condena&#8221;, as\u00ed titula el primer \u00e1lbum de La Feria"},"content":{"rendered":"\n<p>El dueto<strong> La Feria, <\/strong>compuesto por los hermanos<strong> Federico <\/strong>y<strong> Agustina Eyherabide<\/strong>, lanza su primer \u00e1lbum, titulado<strong> <em>No hay condena<\/em><\/strong>.Este proyecto musical tiene como objetivo transmitir un mensaje de esperanza basado en el amor incondicional de Dios.<\/p>\n\n\n\n<figure class=\"wp-block-audio\"><audio controls src=\"https:\/\/generacionnueva.com.co\/wp-content\/uploads\/2023\/11\/No-hay-condena.mp3\"><\/audio><figcaption class=\"wp-element-caption\"><em>No hay condena<\/em> &#8211; La Feria<\/figcaption><\/figure>\n\n\n\n<p>El \u00e1lbum <strong><em>No hay condena<\/em><\/strong>, bajo la producci\u00f3n de los argentinos <strong>Ale V\u00e1zquez<\/strong> y <strong>Marcelo N\u00fa\u00f1ez<\/strong>, est\u00e1 integrado por 10 canciones en las que predomina el g\u00e9nero rock pop, pero en el que tambi\u00e9n se explora una diversidad de sonidos. <em>\u00abEn La Feria nos gusta variar un poco con los estilos y eso se puede ver en este \u00e1lbum, ya que hay un \u201cmix\u201d de canciones que fuimos lanzando, y ahora se presentan con aquellas que completan el \u00e1lbum\u00bb, <\/em>declara <strong>Fede<\/strong>, haciendo referencia\u00a0 a los sencillos que entregaron como anticipo de este lanzamiento desde el inicio de la banda durante la pandemia de COVID 19.<\/p>\n\n\n<div class=\"wp-block-image\">\n<figure class=\"alignleft size-full\"><img fetchpriority=\"high\" decoding=\"async\" width=\"320\" height=\"480\" src=\"https:\/\/generacionnueva.com.co\/wp-content\/uploads\/2023\/11\/No-hay-condena_foto-4-Pequeno.jpg\" alt=\"\" class=\"wp-image-2283\" srcset=\"https:\/\/generacionnueva.com.co\/wp-content\/uploads\/2023\/11\/No-hay-condena_foto-4-Pequeno.jpg 320w, https:\/\/generacionnueva.com.co\/wp-content\/uploads\/2023\/11\/No-hay-condena_foto-4-Pequeno-200x300.jpg 200w, https:\/\/generacionnueva.com.co\/wp-content\/uploads\/2023\/11\/No-hay-condena_foto-4-Pequeno-280x420.jpg 280w\" sizes=\"(max-width: 320px) 100vw, 320px\" \/><\/figure>\n<\/div>\n\n\n<p>El propio t\u00edtulo de la producci\u00f3n discogr\u00e1fica hace eco de las palabras de Pablo en Romanos 8:1 (NVI): <em>\u00abPor lo tanto, ya no hay ninguna condenaci\u00f3n para los que est\u00e1n en Cristo Jes\u00fas\u00bb<\/em>, lo que resuena con la tem\u00e1tica constante en el \u00e1lbum, que es el amor de Dios en sus diversas expresiones. Por ejemplo, en el tema <strong><em>Desapercibida<\/em><\/strong><em>, <\/em>la letra declara: <em>\u00abEl amor no es la ausencia del dolor, es un coraz\u00f3n que te abraza y te hace sentir en casa\u00bb.<\/em> En <strong><em>M\u00e1s que suficiente<\/em> <\/strong>se proclama: \u00ab<em>Tu amor san\u00f3 mi herida, me devolvi\u00f3 la vida. En la tempestad calmas mi ansiedad\u00bb. <\/em>En <strong><em>Laberintos<\/em><\/strong> se escucha: <em>\u00abLaberintos de tu amor, oigo ecos de tu voz\u00bb, <\/em>finalmente, <strong><em>Incondicional<\/em><\/strong> , declara: <em>\u00abAh\u00ed est\u00e1s para salvarme con tu amor incondicional\u00bb.<\/em> El deseo de la agrupaci\u00f3n es que a trav\u00e9s de cada canci\u00f3n los oyentes puedan experimentar el mismo amor de Dios que transform\u00f3 sus vidas por completo.<\/p>\n\n\n\n<p>El nombre <strong><em>No hay condena<\/em><\/strong> se inspira en una de las canciones con el mismo t\u00edtulo. Este sencillo es la carta de presentaci\u00f3n del \u00e1lbum y aborda el concepto de que el ser humano, al tratar de tomar las riendas y hacer las cosas a su manera, a menudo termina confundido y desorientado. &nbsp;Adem\u00e1s, la canci\u00f3n enfatiza la idea de que en Dios no hay condenaci\u00f3n y que nunca es demasiado tarde para regresar a \u00e9l como Padre.<\/p>\n\n\n\n<p>El videoclip del sencillo se grab\u00f3 con un vasto equipo entre reparto y filmaci\u00f3n en distintas localidades de San Nicol\u00e1s de los Arroyos, provincia de Buenos Aires, bajo la direcci\u00f3n de <strong>Gustavo N\u00fa\u00f1ez<\/strong>, incluido un lugar ic\u00f3nico para los chicos, que es el garaje de su abuela, <strong>Ana Mar\u00eda<\/strong>, lugar de nacimiento de la banda <strong>Rescate<\/strong>, liderada por <strong>Ulises Eyherabide<\/strong>, padre de los chicos.<\/p>\n\n\n<div class=\"wp-block-image\">\n<figure class=\"alignright size-full is-resized\"><img decoding=\"async\" width=\"480\" height=\"480\" src=\"https:\/\/generacionnueva.com.co\/wp-content\/uploads\/2023\/11\/No-hay-condena_portada-Pequeno.jpg\" alt=\"\" class=\"wp-image-2285\" style=\"aspect-ratio:1;width:426px;height:auto\" srcset=\"https:\/\/generacionnueva.com.co\/wp-content\/uploads\/2023\/11\/No-hay-condena_portada-Pequeno.jpg 480w, https:\/\/generacionnueva.com.co\/wp-content\/uploads\/2023\/11\/No-hay-condena_portada-Pequeno-300x300.jpg 300w, https:\/\/generacionnueva.com.co\/wp-content\/uploads\/2023\/11\/No-hay-condena_portada-Pequeno-150x150.jpg 150w, https:\/\/generacionnueva.com.co\/wp-content\/uploads\/2023\/11\/No-hay-condena_portada-Pequeno-420x420.jpg 420w\" sizes=\"(max-width: 480px) 100vw, 480px\" \/><\/figure>\n<\/div>\n\n\n<p>El \u00e1lbum se distingue tambi\u00e9n por contar con colaboraciones de figuras y ministerios significativos\u00a0 para <strong>Agustina<\/strong> y <strong>Federico<\/strong>, tales como <strong>Redimi2, Majo y Dan<\/strong>, y el espa\u00f1ol <strong>Kike Pav\u00f3n<\/strong>. La portada refleja la frescura y desenfado con el que <strong>Agustina<\/strong> y <strong>Federico<\/strong> enfrentan la vida. <em>\u00abEn la foto estamos saltando como pap\u00e1 (Ulises) en la portada de su \u00e1lbum <\/em><strong>Arriba<\/strong><em>\u00bb<\/em>. explica la chica.\u00a0<em>\u00abLa portada de <\/em><strong>No hay condena<\/strong><em> est\u00e1 llena de energ\u00eda y color; este \u00e1lbum transmite mucha alegr\u00eda y quer\u00edamos reflejar eso en la portada tambi\u00e9n\u00bb<\/em>, concluye.<\/p>\n\n\n\n<p><strong>La Feria<\/strong> se acerca al cierre de a\u00f1o con gratitud a Dios por los proyectos y metas cumplidas. El pr\u00f3ximo 17 y 18 de noviembre estar\u00e1n participando junto a artistas como el propio <strong>Redimi2<\/strong> y <strong>Alex Campos <\/strong>en el <strong>Festival Palau<\/strong>, en la ciudad de Montevideo, Uruguay<em>. \u00abEstamos muy emocionados junto con toda nuestra comunidad de \u201cferiantes\u201d y ansiosos por poder presentar este \u00e1lbum en vivo durante el pr\u00f3ximo a\u00f1o\u00bb<\/em>, declara finalmente <strong>Fede<\/strong>.<\/p>\n\n\n\n<p>El \u00e1lbum <strong><em>No hay condena<\/em><\/strong>, de <strong>La Feria<\/strong>, es un lanzamiento internacional de <strong>Heaven Music<\/strong>, ya disponible en todas las plataformas. El videoclip oficial del sencillo se puede disfrutar en su canal oficial de YouTube.<\/p>\n","protected":false},"excerpt":{"rendered":"<p>El dueto La Feria, compuesto por los hermanos Federico y Agustina Eyherabide, lanza su primer \u00e1lbum, titulado No hay condena.Este proyecto musical tiene como objetivo transmitir un mensaje de esperanza basado en el amor incondicional de Dios. El \u00e1lbum No hay condena, bajo la producci\u00f3n de los argentinos Ale V\u00e1zquez y Marcelo N\u00fa\u00f1ez, est\u00e1 integrado&#8230;<\/p>\n","protected":false},"author":1,"featured_media":2284,"comment_status":"open","ping_status":"open","sticky":false,"template":"","format":"audio","meta":{"footnotes":""},"categories":[39],"tags":[5098,5099,5100,5101,5096,876,5097],"class_list":["post-2281","post","type-post","status-publish","format-audio","has-post-thumbnail","hentry","category-musica","tag-ale-vasquez","tag-desapercibida","tag-en-laberintos","tag-incondicional","tag-la-feria","tag-marcelo-nunez","tag-no-hay-condena","post_format-post-format-audio","th-blog blog-single has-post-thumbnail"],"amp_enabled":true,"_links":{"self":[{"href":"https:\/\/generacionnueva.com.co\/index.php\/wp-json\/wp\/v2\/posts\/2281","targetHints":{"allow":["GET"]}}],"collection":[{"href":"https:\/\/generacionnueva.com.co\/index.php\/wp-json\/wp\/v2\/posts"}],"about":[{"href":"https:\/\/generacionnueva.com.co\/index.php\/wp-json\/wp\/v2\/types\/post"}],"author":[{"embeddable":true,"href":"https:\/\/generacionnueva.com.co\/index.php\/wp-json\/wp\/v2\/users\/1"}],"replies":[{"embeddable":true,"href":"https:\/\/generacionnueva.com.co\/index.php\/wp-json\/wp\/v2\/comments?post=2281"}],"version-history":[{"count":1,"href":"https:\/\/generacionnueva.com.co\/index.php\/wp-json\/wp\/v2\/posts\/2281\/revisions"}],"predecessor-version":[{"id":2287,"href":"https:\/\/generacionnueva.com.co\/index.php\/wp-json\/wp\/v2\/posts\/2281\/revisions\/2287"}],"wp:featuredmedia":[{"embeddable":true,"href":"https:\/\/generacionnueva.com.co\/index.php\/wp-json\/wp\/v2\/media\/2284"}],"wp:attachment":[{"href":"https:\/\/generacionnueva.com.co\/index.php\/wp-json\/wp\/v2\/media?parent=2281"}],"wp:term":[{"taxonomy":"category","embeddable":true,"href":"https:\/\/generacionnueva.com.co\/index.php\/wp-json\/wp\/v2\/categories?post=2281"},{"taxonomy":"post_tag","embeddable":true,"href":"https:\/\/generacionnueva.com.co\/index.php\/wp-json\/wp\/v2\/tags?post=2281"}],"curies":[{"name":"wp","href":"https:\/\/api.w.org\/{rel}","templated":true}]}}