{"id":2211,"date":"2023-08-17T21:34:43","date_gmt":"2023-08-17T21:34:43","guid":{"rendered":"https:\/\/generacionnueva.com.co\/?p=2211"},"modified":"2023-08-19T21:54:14","modified_gmt":"2023-08-19T21:54:14","slug":"recomendada-la-vida-sigue-nueva-cancion-de-cristian-perea","status":"publish","type":"post","link":"https:\/\/generacionnueva.com.co\/index.php\/2023\/08\/17\/recomendada-la-vida-sigue-nueva-cancion-de-cristian-perea\/","title":{"rendered":"Recomendada: &#8220;LA VIDA SIGUE&#8221;, nueva canci\u00f3n de Cristian Perea"},"content":{"rendered":"\n<p>El cantante Colombiano\u00a0<strong>Cristian Perea<\/strong>, vuelve con\u00a0<strong>&#8220;LA VIDA SIGUE&#8221;<\/strong>\u00a0canci\u00f3n que hace parte del \u00e1lbum\u00a0<strong>\u201cME LEVANTASTE\u201d<\/strong>.<br>\u00a0<br><strong>&#8220;LA VIDA SIGUE<\/strong>&#8221;\u00a0es una historia de la vida real que toca la puerta de cualquier ser humano; una enfermedad que no mide estrato social, genero, color, si es hombre o mujer.\u00a0\u00a0Es una realidad que puede vivir cualquier familia en cualquier momento de la vida, y la \u00fanica manera de poder llevar una situaci\u00f3n como esta es dejando que Dios act\u00fae, confiar plenamente en Dios.\u00a0<br>\u00a0<br>El video fue grabado entre Nueva York y Bogot\u00e1 con un elenco muy especial de actores profesionales.\u00a0<br>\u00a0<br>La producci\u00f3n musical fue grabada en Bahia estudios, Bogot\u00e1 con m\u00fasicos en vivo de talla internacional como\u00a0<strong>Roberto Cuo (<\/strong>en las bater\u00edas, percusi\u00f3n) , m\u00fasico de Carlos vives y es una composici\u00f3n de Javy Campuzano y Daniel Astudillo.<br>\u00a0<br>Para este 2023 Cristian Perea tiene pensado una gira promocional por los Estados Unidos donde ha recibido propuestas para algunos conciertos.<\/p>\n\n\n\n<figure class=\"wp-block-video\"><video height=\"1080\" style=\"aspect-ratio: 1080 \/ 1080;\" width=\"1080\" controls src=\"https:\/\/generacionnueva.com.co\/wp-content\/uploads\/2023\/08\/6-PROMOCIONAL-DISPONIBLE-EN-YOUTUBE.mp4\"><\/video><\/figure>\n\n\n\n<p>Recordemos que Cristian Perea desde que inici\u00f3 su carrera a los 17 a\u00f1os ya se ha llevado varios reconocimientos musicales, como las dos nominaciones a los Premios PRAISE MUSIC AWARDS (Video musical del a\u00f1o con la canci\u00f3n La Nacesidad) y (Cantante Urbano del a\u00f1o). Tambi\u00e9n tuvo un reconocimiento especial por participaci\u00f3n en los premios MUNDO HIT. Adem\u00e1s de premio a mejor canci\u00f3n Urbana 2022 en los premios &#8220;ECOMOVA&#8221; de Bolivia y como segundo lugar la canci\u00f3n seguir\u00e9.<\/p>\n\n\n\n<p><em>Con informaci\u00f3n de prensa FRANJA GROUP<\/em><\/p>\n","protected":false},"excerpt":{"rendered":"<p>El cantante Colombiano\u00a0Cristian Perea, vuelve con\u00a0&#8220;LA VIDA SIGUE&#8221;\u00a0canci\u00f3n que hace parte del \u00e1lbum\u00a0\u201cME LEVANTASTE\u201d.\u00a0&#8220;LA VIDA SIGUE&#8221;\u00a0es una historia de la vida real que toca la puerta de cualquier ser humano; una enfermedad que no mide estrato social, genero, color, si es hombre o mujer.\u00a0\u00a0Es una realidad que puede vivir cualquier familia en cualquier momento de&#8230;<\/p>\n","protected":false},"author":1,"featured_media":2214,"comment_status":"open","ping_status":"open","sticky":false,"template":"","format":"standard","meta":{"footnotes":""},"categories":[39],"tags":[4661,4659,4660,4662],"class_list":["post-2211","post","type-post","status-publish","format-standard","has-post-thumbnail","hentry","category-musica","tag-el-cantante-cristian-perea","tag-la-vida-sigue","tag-me-levantaste","tag-roberto-cuo","th-blog blog-single has-post-thumbnail"],"amp_enabled":true,"_links":{"self":[{"href":"https:\/\/generacionnueva.com.co\/index.php\/wp-json\/wp\/v2\/posts\/2211","targetHints":{"allow":["GET"]}}],"collection":[{"href":"https:\/\/generacionnueva.com.co\/index.php\/wp-json\/wp\/v2\/posts"}],"about":[{"href":"https:\/\/generacionnueva.com.co\/index.php\/wp-json\/wp\/v2\/types\/post"}],"author":[{"embeddable":true,"href":"https:\/\/generacionnueva.com.co\/index.php\/wp-json\/wp\/v2\/users\/1"}],"replies":[{"embeddable":true,"href":"https:\/\/generacionnueva.com.co\/index.php\/wp-json\/wp\/v2\/comments?post=2211"}],"version-history":[{"count":1,"href":"https:\/\/generacionnueva.com.co\/index.php\/wp-json\/wp\/v2\/posts\/2211\/revisions"}],"predecessor-version":[{"id":2215,"href":"https:\/\/generacionnueva.com.co\/index.php\/wp-json\/wp\/v2\/posts\/2211\/revisions\/2215"}],"wp:featuredmedia":[{"embeddable":true,"href":"https:\/\/generacionnueva.com.co\/index.php\/wp-json\/wp\/v2\/media\/2214"}],"wp:attachment":[{"href":"https:\/\/generacionnueva.com.co\/index.php\/wp-json\/wp\/v2\/media?parent=2211"}],"wp:term":[{"taxonomy":"category","embeddable":true,"href":"https:\/\/generacionnueva.com.co\/index.php\/wp-json\/wp\/v2\/categories?post=2211"},{"taxonomy":"post_tag","embeddable":true,"href":"https:\/\/generacionnueva.com.co\/index.php\/wp-json\/wp\/v2\/tags?post=2211"}],"curies":[{"name":"wp","href":"https:\/\/api.w.org\/{rel}","templated":true}]}}