{"id":2172,"date":"2023-07-31T00:28:01","date_gmt":"2023-07-31T00:28:01","guid":{"rendered":"https:\/\/generacionnueva.com.co\/?p=2172"},"modified":"2023-08-01T00:54:33","modified_gmt":"2023-08-01T00:54:33","slug":"bogota-gospel-sigue-mas-que-vivo-te-contamos-los-detalles","status":"publish","type":"post","link":"https:\/\/generacionnueva.com.co\/index.php\/2023\/07\/31\/bogota-gospel-sigue-mas-que-vivo-te-contamos-los-detalles\/","title":{"rendered":"Bogot\u00e1 Gospel sigue m\u00e1s que vivo: te contamos los detalles"},"content":{"rendered":"\n<p>\u00a1Es un hecho! <strong>Bogot\u00e1 Gospel<\/strong> vuelve a escena en 2023. El aclamado festival de m\u00fasica gospel regresa luego de tres a\u00f1os de ausencia y en esta ocasi\u00f3n comparte el festejo de los 485 a\u00f1os de la capital colombiana, el pr\u00f3ximo domingo 6 de agosto, en el Parque Metropolitano Sim\u00f3n Bol\u00edvar.\u00a0<\/p>\n\n\n\n<p>La onceava edici\u00f3n del ic\u00f3nico concierto de m\u00fasica gospel abrir\u00e1 sus puertas a las 2:00 p.m. de este domingo y anuncia para este a\u00f1o un cartel de artistas de lujo, que ofrece una experiencia inolvidable para los asistentes, con una gran variedad de ritmos e invitados locales e internacionales dentro de la industria musical cristiana.&nbsp;<\/p>\n\n\n\n<p>Uno de los m\u00e1s pedidos artistas en el g\u00e9nero cristiano urbano es sin duda alguna <strong>Redimi2<\/strong>. El rap y trap dominicano ya se ha tomado los grandes escenarios e iglesias en Colombia con sus letras que han cautivado el coraz\u00f3n de los j\u00f3venes en el mundo entero.\u00a0<\/p>\n\n\n\n<p>Otra banda aclamada por los asistentes llega tambi\u00e9n de Rep\u00fablica Dominicana, se trata del <strong>ministerio Barak<\/strong>. Su m\u00fasica es de las m\u00e1s sonadas en las emisoras cristianas del mundo con sus \u00e9xitos que invitan a danzar y a adorar como \u201cLa Tierra Canta\u201d, \u201cSum\u00e9rgeme en tu gloria\u201d, \u201cVen Esp\u00edritu,ven\u201d, \u201cCantaremos de tu amor\u201d y \u201cDanzar\u201d, entre otros, con la particularidad del color de voz de su int\u00e9rprete Robert Green.\u00a0<\/p>\n\n\n\n<p>Si hablamos de artistas colombianos y con sonidos folcl\u00f3ricos, el indicado es <strong>Pescao Vivo<\/strong>, que adem\u00e1s presentar\u00e1 su m\u00e1s reciente producci\u00f3n que rinde tributo a Ulises Eyherabide y Su Banda Rescate.\u00a0<\/p>\n\n\n\n<p>Otra de las bandas referentes para esta edici\u00f3n es <strong>La Reforma<\/strong>, que promete prender la fiesta con temas que han logrado m\u00faltiples nominaciones a premios nacionales e internacionales como \u201cAlabao\u201d y \u201cAleluya Party\u201d.\u00a0<\/p>\n\n\n\n<p>Desde Barranquilla llega <strong>Living<\/strong>, banda que estren\u00f3 recientemente el \u00e1lbum Suerte Divina. La banda fundada en 2016, cantar\u00e1 destacados temas que exponen en sus giras como: \u201cRecu\u00e9rdame\u201d, \u201cLa Parte Que Buscaba\u201d, \u201cMi Destino\u201d, entre otros \u00e9xitos.<\/p>\n\n\n\n<p>El reconocido pastor, m\u00fasico, actor y compositor <strong>Fernando Ramos<\/strong> se estren\u00f3 como solista, luego de compartir su talento en Generaci\u00f3n 12, recientemente lanz\u00f3 su quinto sencillo \u201cTe amo Jes\u00fas\u201d, traer\u00e1 a Bogot\u00e1 Gospel su toque adoraci\u00f3n.\u00a0<\/p>\n\n\n\n<p>Dos artistas locales aparecer\u00e1n con un estilo \u00fanico y vers\u00e1til, una mezcla entre m\u00fasica latina con el pop, la m\u00fasica urbana y la adoraci\u00f3n; <strong>Daniela Galeano y Kev Miranda<\/strong>, cantantes que han emergido en estos ritmos para comandar las playlist.\u00a0<\/p>\n\n\n\n<p>Adem\u00e1s, el p\u00fablico juvenil disfrutar\u00e1 con Awake y su ritmo de pop rock alternativo y la m\u00fasica electr\u00f3nica de <strong>Nxtwave<\/strong>, con los \u00e9xitos \u201cBurning Flame\u201d, \u201cVives en m\u00ed\u201d y \u201cMalas noticias\u201d.\u00a0<\/p>\n\n\n\n<figure class=\"wp-block-embed is-type-video is-provider-youtube wp-block-embed-youtube wp-embed-aspect-16-9 wp-has-aspect-ratio\"><div class=\"wp-block-embed__wrapper\">\n<iframe title=\"\u00a1Vuelve Bogot\u00e1 Gospel 2023!\" width=\"751\" height=\"422\" src=\"https:\/\/www.youtube.com\/embed\/pkib1r7wrV8?feature=oembed\" frameborder=\"0\" allow=\"accelerometer; autoplay; clipboard-write; encrypted-media; gyroscope; picture-in-picture; web-share\" referrerpolicy=\"strict-origin-when-cross-origin\" allowfullscreen><\/iframe>\n<\/div><figcaption class=\"wp-element-caption\"><em>Promoci\u00f3n Bogot\u00e1 Gospel 2023<\/em><\/figcaption><\/figure>\n\n\n\n<p><strong><em>EL RETORNO DEL FESTIVAL<\/em><\/strong><\/p>\n\n\n\n<p>Se han superado las dificultades y el evento regresa luego de tres a\u00f1os de ausencia, gracias al trabajo de un equipo de gestores, diferente a la mesa directiva y que por m\u00e1s de una d\u00e9cada han impulsado este como una tradici\u00f3n cultural que convoca a miles de asistentes a disfrutar del espect\u00e1culo.&nbsp;<\/p>\n\n\n\n<p>La exconcejal Clara Luc\u00eda Sandoval, gestora del evento y autora del Acuerdo Distrital, reconoce a Bogot\u00e1 Gospel como una pr\u00e1ctica cultural e insiste que esta fiest debe perdurar para que la ciudad se consolide como la capital mundial del g\u00f3spel.&nbsp;<\/p>\n\n\n\n<p>Mientras tanto, esta edici\u00f3n tambi\u00e9n recibi\u00f3 el apoyo del concejal Marco Acosta, quien manifest\u00f3 que es muy importante la realizaci\u00f3n del evento porque es parte de una identidad hist\u00f3rica en la capital.&nbsp;<\/p>\n\n\n\n<p>El evento vuelve a hacer parte del Festival de Verano de Bogot\u00e1, puesto que el a\u00f1o anterior no hubo viabilidad por parte del distrito, no obstante, la directora de Idarte Catalina Valencia, hab\u00eda manifestado desde ese entonces que no se pens\u00f3 nunca en acabar el evento.&nbsp;<\/p>\n","protected":false},"excerpt":{"rendered":"<p>\u00a1Es un hecho! Bogot\u00e1 Gospel vuelve a escena en 2023. El aclamado festival de m\u00fasica gospel regresa luego de tres a\u00f1os de ausencia y en esta ocasi\u00f3n comparte el festejo de los 485 a\u00f1os de la capital colombiana, el pr\u00f3ximo domingo 6 de agosto, en el Parque Metropolitano Sim\u00f3n Bol\u00edvar.\u00a0 La onceava edici\u00f3n del ic\u00f3nico&#8230;<\/p>\n","protected":false},"author":1,"featured_media":2173,"comment_status":"open","ping_status":"open","sticky":false,"template":"","format":"standard","meta":{"footnotes":""},"categories":[36,43],"tags":[94,610,4369,4366,4375,4373,4367,600,558,4372,4368,4370,182,92],"class_list":["post-2172","post","type-post","status-publish","format-standard","has-post-thumbnail","hentry","category-actualidad","category-eventos","tag-barak","tag-bogota","tag-bogota-gospel","tag-bogota-gospel-2023","tag-clara-lucia-sandoval","tag-fernando-ramos","tag-festival-de-verano-de-bogota","tag-la-reforma","tag-living","tag-nxtwave","tag-parque-metropolitano-simon-bolivar","tag-pescao-vivo","tag-redimi2","tag-robert-green","th-blog blog-single has-post-thumbnail"],"amp_enabled":true,"_links":{"self":[{"href":"https:\/\/generacionnueva.com.co\/index.php\/wp-json\/wp\/v2\/posts\/2172","targetHints":{"allow":["GET"]}}],"collection":[{"href":"https:\/\/generacionnueva.com.co\/index.php\/wp-json\/wp\/v2\/posts"}],"about":[{"href":"https:\/\/generacionnueva.com.co\/index.php\/wp-json\/wp\/v2\/types\/post"}],"author":[{"embeddable":true,"href":"https:\/\/generacionnueva.com.co\/index.php\/wp-json\/wp\/v2\/users\/1"}],"replies":[{"embeddable":true,"href":"https:\/\/generacionnueva.com.co\/index.php\/wp-json\/wp\/v2\/comments?post=2172"}],"version-history":[{"count":3,"href":"https:\/\/generacionnueva.com.co\/index.php\/wp-json\/wp\/v2\/posts\/2172\/revisions"}],"predecessor-version":[{"id":2177,"href":"https:\/\/generacionnueva.com.co\/index.php\/wp-json\/wp\/v2\/posts\/2172\/revisions\/2177"}],"wp:featuredmedia":[{"embeddable":true,"href":"https:\/\/generacionnueva.com.co\/index.php\/wp-json\/wp\/v2\/media\/2173"}],"wp:attachment":[{"href":"https:\/\/generacionnueva.com.co\/index.php\/wp-json\/wp\/v2\/media?parent=2172"}],"wp:term":[{"taxonomy":"category","embeddable":true,"href":"https:\/\/generacionnueva.com.co\/index.php\/wp-json\/wp\/v2\/categories?post=2172"},{"taxonomy":"post_tag","embeddable":true,"href":"https:\/\/generacionnueva.com.co\/index.php\/wp-json\/wp\/v2\/tags?post=2172"}],"curies":[{"name":"wp","href":"https:\/\/api.w.org\/{rel}","templated":true}]}}