{"id":2114,"date":"2023-06-19T02:38:00","date_gmt":"2023-06-19T02:38:00","guid":{"rendered":"https:\/\/generacionnueva.com.co\/?p=2114"},"modified":"2023-06-29T03:10:11","modified_gmt":"2023-06-29T03:10:11","slug":"2114","status":"publish","type":"post","link":"https:\/\/generacionnueva.com.co\/index.php\/2023\/06\/19\/2114\/","title":{"rendered":"Samuel ASH llega a imponer el ritmo con su canci\u00f3n de verano &#8220;El After&#8221;"},"content":{"rendered":"\n<p>El flamante sonido latino del reconocido productor, compositor y ganador del Latin GRAMMY\u00ae,&nbsp;Samuel ASH, asegura una gran recepci\u00f3n alrededor del mundo. Acompa\u00f1ado de grandes colegas y referentes del espacio urbano,&nbsp;Niko Eme&nbsp;y&nbsp;Jay Kalyl, comparte un aviso determinante con su tema explosivo,&nbsp;\u00abEl After\u00bb.<\/p>\n\n\n\n<p>Con un ritmo verdaderamente pegadizo, el productor de ra\u00edces mexicanas colabora por tercera vez con Kalyl y marca la primera fusi\u00f3n con Niko. Juntos, a trav\u00e9s de la autor\u00eda e interpretaci\u00f3n del sencillo, buscan amplificar su estilo y exponer una analog\u00eda positiva del regalo de la vida, del presente, pero con una eternidad totalmente invaluable e indescriptible.<\/p>\n\n\n\n<p>\u00ab\u2019El After\u2019 hace referencia a nuestro hogar en el cielo. Nuestro prop\u00f3sito es transmitir un mensaje de esperanza y recordar que el lugar terrenal en el que estamos es temporal; que sin importar lo bien que nos sintamos aqu\u00ed, nuestro destino ser\u00e1 a\u00fan mejor\u00bb, explica Samuel ASH. El punto de encuentro para la filmaci\u00f3n del en\u00e9rgico video oficial fue la paradisiaca ciudad de Barranquilla, Colombia, donde David Jassir, de Par\u00e1bola Films, fue el encargado de vitalizar y potencializar el tema. El mismo se estrenar\u00e1 en el canal de YouTube de Samuel ASH.<\/p>\n\n\n\n<p>\u00abAnhelamos ser luz y ser el balance en la industria, sin dejar de ser firmes en nuestras convicciones y nuestra fe; queremos salir de las cuatro paredes de la iglesia y llegar a las personas que tal vez no escuchan m\u00fasica cristiana tradicional\u00bb.<\/p>\n\n\n\n<p>Los esfuerzos de ASH han trascendido en el g\u00e9nero cristiano, urbano, hip-hop y worship, mostrando su entusiasta versatilidad y sentido colaborativo a lo largo de su trayectoria. De igual forma, contin\u00faa dejando su huella sonora en la industria discogr\u00e1fica al ayudar e inspirar a las futuras generaciones de l\u00edderes y empresarios de la m\u00fasica, as\u00ed como a personas que se desenvuelven en otros campos creativos. Con&nbsp;\u00abEl After\u00bb,&nbsp;promete cruzar barreras de g\u00e9nero, religi\u00f3n e idiomas con una propuesta novedosa que pondr\u00e1 a todos los oyentes a gozar, mientras escuchan el tema en su plataforma digital favorita.<\/p>\n\n\n\n<p><em>Con informaci\u00f3n de prensa Adarga Entertaiment.<\/em><\/p>\n","protected":false},"excerpt":{"rendered":"<p>El flamante sonido latino del reconocido productor, compositor y ganador del Latin GRAMMY\u00ae,&nbsp;Samuel ASH, asegura una gran recepci\u00f3n alrededor del mundo. Acompa\u00f1ado de grandes colegas y referentes del espacio urbano,&nbsp;Niko Eme&nbsp;y&nbsp;Jay Kalyl, comparte un aviso determinante con su tema explosivo,&nbsp;\u00abEl After\u00bb. Con un ritmo verdaderamente pegadizo, el productor de ra\u00edces mexicanas colabora por tercera vez&#8230;<\/p>\n","protected":false},"author":1,"featured_media":2116,"comment_status":"open","ping_status":"open","sticky":false,"template":"","format":"standard","meta":{"footnotes":""},"categories":[39],"tags":[4195,4194,4191,4192,4193,4190],"class_list":["post-2114","post","type-post","status-publish","format-standard","has-post-thumbnail","hentry","category-musica","tag-el-after","tag-jay","tag-kalyl","tag-niko","tag-niko-eme","tag-samuel-ash","th-blog blog-single has-post-thumbnail"],"amp_enabled":true,"_links":{"self":[{"href":"https:\/\/generacionnueva.com.co\/index.php\/wp-json\/wp\/v2\/posts\/2114","targetHints":{"allow":["GET"]}}],"collection":[{"href":"https:\/\/generacionnueva.com.co\/index.php\/wp-json\/wp\/v2\/posts"}],"about":[{"href":"https:\/\/generacionnueva.com.co\/index.php\/wp-json\/wp\/v2\/types\/post"}],"author":[{"embeddable":true,"href":"https:\/\/generacionnueva.com.co\/index.php\/wp-json\/wp\/v2\/users\/1"}],"replies":[{"embeddable":true,"href":"https:\/\/generacionnueva.com.co\/index.php\/wp-json\/wp\/v2\/comments?post=2114"}],"version-history":[{"count":2,"href":"https:\/\/generacionnueva.com.co\/index.php\/wp-json\/wp\/v2\/posts\/2114\/revisions"}],"predecessor-version":[{"id":2120,"href":"https:\/\/generacionnueva.com.co\/index.php\/wp-json\/wp\/v2\/posts\/2114\/revisions\/2120"}],"wp:featuredmedia":[{"embeddable":true,"href":"https:\/\/generacionnueva.com.co\/index.php\/wp-json\/wp\/v2\/media\/2116"}],"wp:attachment":[{"href":"https:\/\/generacionnueva.com.co\/index.php\/wp-json\/wp\/v2\/media?parent=2114"}],"wp:term":[{"taxonomy":"category","embeddable":true,"href":"https:\/\/generacionnueva.com.co\/index.php\/wp-json\/wp\/v2\/categories?post=2114"},{"taxonomy":"post_tag","embeddable":true,"href":"https:\/\/generacionnueva.com.co\/index.php\/wp-json\/wp\/v2\/tags?post=2114"}],"curies":[{"name":"wp","href":"https:\/\/api.w.org\/{rel}","templated":true}]}}