{"id":2106,"date":"2023-05-08T21:50:12","date_gmt":"2023-05-08T21:50:12","guid":{"rendered":"https:\/\/generacionnueva.com.co\/?p=2106"},"modified":"2023-05-10T22:32:06","modified_gmt":"2023-05-10T22:32:06","slug":"creere-fantastica-pelicula-cristiana-que-se-estrenara-en-30-ciudades-del-continente","status":"publish","type":"post","link":"https:\/\/generacionnueva.com.co\/index.php\/2023\/05\/08\/creere-fantastica-pelicula-cristiana-que-se-estrenara-en-30-ciudades-del-continente\/","title":{"rendered":"CREER\u00c9, fant\u00e1stica pel\u00edcula cristiana que se estrenar\u00e1 en 30 ciudades del continente"},"content":{"rendered":"\n<p><strong>Creer\u00e9, as\u00ed titula la nueva pel\u00edcula cristiana<\/strong> que se estrenar\u00e1 en m\u00e1s de 30 ciudades y que incluye la narrativa de cinco historias basadas en hechos reales de milagros sobrenaturales. La cinta fue filmada y producida en Puerto Rico por la red de estrenos alternativos Screen CREA.<\/p>\n\n\n\n<p>En atenci\u00f3n a medios de comunicaci\u00f3n, Julio Rom\u00e1n, reconocido director y conferencista, nos cont\u00f3 los aspectos agrumentativos claves para la realizaci\u00f3n de la pel\u00edcula: &#8220;La pel\u00edcula nos lleva una profunda reflexi\u00f3n sobre si podemos creer o necesitamos ver para creer, porque para el que cree en Dios todo es pible&#8221; y a\u00f1ade con respecto a la trama &#8220;La presencia de Dios es el hilo contuctor de las cinco historias que plasmamos, con hechos tal cual ocurrieron&#8221;. <\/p>\n\n\n\n<figure class=\"wp-block-image size-large\"><img fetchpriority=\"high\" decoding=\"async\" width=\"1024\" height=\"541\" src=\"https:\/\/generacionnueva.com.co\/wp-content\/uploads\/2023\/05\/peli-1024x541.png\" alt=\"\" class=\"wp-image-2108\" srcset=\"https:\/\/generacionnueva.com.co\/wp-content\/uploads\/2023\/05\/peli-1024x541.png 1024w, https:\/\/generacionnueva.com.co\/wp-content\/uploads\/2023\/05\/peli-300x158.png 300w, https:\/\/generacionnueva.com.co\/wp-content\/uploads\/2023\/05\/peli-768x406.png 768w, https:\/\/generacionnueva.com.co\/wp-content\/uploads\/2023\/05\/peli-696x368.png 696w, https:\/\/generacionnueva.com.co\/wp-content\/uploads\/2023\/05\/peli-1068x564.png 1068w, https:\/\/generacionnueva.com.co\/wp-content\/uploads\/2023\/05\/peli-795x420.png 795w, https:\/\/generacionnueva.com.co\/wp-content\/uploads\/2023\/05\/peli.png 1280w\" sizes=\"(max-width: 1024px) 100vw, 1024px\" \/><\/figure>\n\n\n\n<p>La proyecci\u00f3n de Creer\u00e9 ha sido un \u00e9xito en Puerto Rico, ahora tambi\u00e9n podr\u00e1 ser vista proximamente en ciudades como Miami, Filadelfia, California, M\u00e9xico, Buenos Aires, Lima, Bogot\u00e1, Santiago de Chile, Madrid y Barcelona, entre otras, gracias al trabajo de distribuci\u00f3n cinematogr\u00e1fica alternativa que ofrece <strong>CREA<\/strong>, la Conferencia de Realizadores Audiovisuales Cristianos de Hispano Am\u00e9rica, con m\u00e1s de cinco a\u00f1os de trabajo en el continente. <\/p>\n\n\n\n<p>&#8220;Llor\u00e9 viendo la pel\u00edcula, porque el mensaje trae un hilo especial. Siempre pensamos, porqu\u00e9 no contar estas historias, por eso llamamos a los profesionales en cine y televisi\u00f3n para reunirnos desde hace cuatro a\u00f1os y conseguir hacer una sana competencia en el mundo del cine mundial llenando los espacios de peliculas cristianas&#8221;, coment\u00f3 <strong>C\u00e9sar Carazas, director de CREA<\/strong>. <\/p>\n\n\n\n<p>Todas las funciones que se programar\u00e1n en universidades, centros culturales e iglesias a los largo del continente, se puden encontrar en la p\u00e1gina web y redes sociales de CREA: www.conferenciacrea.com @conferenciacrea, as\u00ed como en los medios de prensa cristianos y en las p\u00e1ginas de los ministerios cristianos aliados, como Canzion Films (@canzionfilms) COICOM (@coicom.internacional) y la asociaci\u00f3n Glocal de comunicadores (@asociacionglocal). <\/p>\n\n\n\n<p><em>Con informaci\u00f3n de prensa El Mensaje Comunicaciones<\/em>.<\/p>\n","protected":false},"excerpt":{"rendered":"<p>Creer\u00e9, as\u00ed titula la nueva pel\u00edcula cristiana que se estrenar\u00e1 en m\u00e1s de 30 ciudades y que incluye la narrativa de cinco historias basadas en hechos reales de milagros sobrenaturales. La cinta fue filmada y producida en Puerto Rico por la red de estrenos alternativos Screen CREA. En atenci\u00f3n a medios de comunicaci\u00f3n, Julio Rom\u00e1n,&#8230;<\/p>\n","protected":false},"author":1,"featured_media":2110,"comment_status":"open","ping_status":"open","sticky":false,"template":"","format":"video","meta":{"footnotes":""},"categories":[37],"tags":[4112,4113,4110,4109,4108,4111],"class_list":["post-2106","post","type-post","status-publish","format-video","has-post-thumbnail","hentry","category-cine","tag-asoglocal","tag-cesar-carazas","tag-crea","tag-creere-2","tag-creere","tag-julio-roman","post_format-post-format-video","th-blog blog-single has-post-thumbnail"],"amp_enabled":true,"_links":{"self":[{"href":"https:\/\/generacionnueva.com.co\/index.php\/wp-json\/wp\/v2\/posts\/2106","targetHints":{"allow":["GET"]}}],"collection":[{"href":"https:\/\/generacionnueva.com.co\/index.php\/wp-json\/wp\/v2\/posts"}],"about":[{"href":"https:\/\/generacionnueva.com.co\/index.php\/wp-json\/wp\/v2\/types\/post"}],"author":[{"embeddable":true,"href":"https:\/\/generacionnueva.com.co\/index.php\/wp-json\/wp\/v2\/users\/1"}],"replies":[{"embeddable":true,"href":"https:\/\/generacionnueva.com.co\/index.php\/wp-json\/wp\/v2\/comments?post=2106"}],"version-history":[{"count":1,"href":"https:\/\/generacionnueva.com.co\/index.php\/wp-json\/wp\/v2\/posts\/2106\/revisions"}],"predecessor-version":[{"id":2109,"href":"https:\/\/generacionnueva.com.co\/index.php\/wp-json\/wp\/v2\/posts\/2106\/revisions\/2109"}],"wp:featuredmedia":[{"embeddable":true,"href":"https:\/\/generacionnueva.com.co\/index.php\/wp-json\/wp\/v2\/media\/2110"}],"wp:attachment":[{"href":"https:\/\/generacionnueva.com.co\/index.php\/wp-json\/wp\/v2\/media?parent=2106"}],"wp:term":[{"taxonomy":"category","embeddable":true,"href":"https:\/\/generacionnueva.com.co\/index.php\/wp-json\/wp\/v2\/categories?post=2106"},{"taxonomy":"post_tag","embeddable":true,"href":"https:\/\/generacionnueva.com.co\/index.php\/wp-json\/wp\/v2\/tags?post=2106"}],"curies":[{"name":"wp","href":"https:\/\/api.w.org\/{rel}","templated":true}]}}