{"id":2069,"date":"2023-04-25T00:11:49","date_gmt":"2023-04-25T00:11:49","guid":{"rendered":"https:\/\/generacionnueva.com.co\/?p=2069"},"modified":"2023-04-27T00:21:30","modified_gmt":"2023-04-27T00:21:30","slug":"lowsan-melgar-presenta-nuevo-tema-es-con-tus-fuerzas","status":"publish","type":"post","link":"https:\/\/generacionnueva.com.co\/index.php\/2023\/04\/25\/lowsan-melgar-presenta-nuevo-tema-es-con-tus-fuerzas\/","title":{"rendered":"Lowsan Melgar presenta nuevo tema, Es con tus fuerzas"},"content":{"rendered":"\n<p>El cantante guatemalteco <strong>Lowsan Melgar<\/strong>\u00a0 presenta un nuevo sencillo al que ha titulado <strong><em>Es con tus fuerzas<\/em><\/strong>. Se trata de un tema pop cuya letra habla sobre c\u00f3mo los momentos de debilidad del ser humano son una oportunidad para confiar en Dios y en que su poder, bondad y gracia se manifestar\u00e1n.<\/p>\n\n\n<div class=\"wp-block-image\">\n<figure class=\"alignleft size-large is-resized\"><img fetchpriority=\"high\" decoding=\"async\" src=\"https:\/\/generacionnueva.com.co\/wp-content\/uploads\/2023\/04\/Lowsan-Melgar_foto-1-683x1024.jpg\" alt=\"\" class=\"wp-image-2072\" width=\"233\" height=\"357\"\/><\/figure>\n<\/div>\n\n\n<p>Nacido en un campamento de composici\u00f3n, el tema fue escrito por <strong>Lowsan Melgar, Pedro Pablo Quintero y Otho Castro, <\/strong>y producido por este \u00faltimo. Est\u00e1 inspirado en situaciones personales vividas por el artista, as\u00ed como en diferentes vers\u00edculos de la Biblia, principalmente en Zacar\u00edas 4:6 (NVI): <em>\u00abAs\u00ed que el \u00e1ngel me dijo: \u00abEsta es la palabra del Se\u00f1or para Zorobabel: \u00bb \u201cNo ser\u00e1 por la fuerza ni por ning\u00fan poder, sino por mi Esp\u00edritu \u2014dice el Se\u00f1or Todopoderoso\u2014\u00bb.<\/em><\/p>\n\n\n\n<p>De acuerdo con el int\u00e9rprete, <strong><em>Es con tus fuerzas<\/em><\/strong> busca recordarles a los oyentes que siempre habr\u00e1 momentos en los que las circunstancias escapar\u00e1n a su control y que no es posible enfrentarlas apoy\u00e1ndose en la fortaleza humana, sin embargo, esto le permitir\u00e1 reconocer que solo es posible atravesarlas <em>\u00aben las fuerzas de Dios y (a trav\u00e9s) de su gracias en nosotros\u00bb<\/em>, como asegura el artista.<\/p>\n\n\n\n<p>Este lanzamiento estar\u00e1 incluido en la pr\u00f3xima producci\u00f3n discogr\u00e1fica de <strong>Lowsan Melgar, <\/strong>en la cual viene trabajando desde hace varios meses, y que presentar\u00e1 pr\u00f3ximamente.<\/p>\n\n\n\n<p><strong><em>Es con tus fuerzas <\/em><\/strong>es un lanzamiento internacional de <strong>Heaven Music<\/strong> y ya se\u00a0 encuentra disponible en todas las plataformas digitales.<\/p>\n\n\n\n<p><em>Con informaci\u00f3n de prensa Allegro Agencia<\/em><\/p>\n","protected":false},"excerpt":{"rendered":"<p>El cantante guatemalteco Lowsan Melgar\u00a0 presenta un nuevo sencillo al que ha titulado Es con tus fuerzas. Se trata de un tema pop cuya letra habla sobre c\u00f3mo los momentos de debilidad del ser humano son una oportunidad para confiar en Dios y en que su poder, bondad y gracia se manifestar\u00e1n. Nacido en un&#8230;<\/p>\n","protected":false},"author":1,"featured_media":2073,"comment_status":"open","ping_status":"open","sticky":false,"template":"","format":"video","meta":{"footnotes":""},"categories":[39],"tags":[4007,4005,866,592,406,4004,4006],"class_list":["post-2069","post","type-post","status-publish","format-video","has-post-thumbnail","hentry","category-musica","tag-adoracion-cristiana","tag-es-con-tus-fuerzas","tag-heaven-music","tag-lowsan-melgar","tag-otho-castro","tag-pedro-pablo-quintero","tag-zacarias","post_format-post-format-video","th-blog blog-single has-post-thumbnail"],"amp_enabled":true,"_links":{"self":[{"href":"https:\/\/generacionnueva.com.co\/index.php\/wp-json\/wp\/v2\/posts\/2069","targetHints":{"allow":["GET"]}}],"collection":[{"href":"https:\/\/generacionnueva.com.co\/index.php\/wp-json\/wp\/v2\/posts"}],"about":[{"href":"https:\/\/generacionnueva.com.co\/index.php\/wp-json\/wp\/v2\/types\/post"}],"author":[{"embeddable":true,"href":"https:\/\/generacionnueva.com.co\/index.php\/wp-json\/wp\/v2\/users\/1"}],"replies":[{"embeddable":true,"href":"https:\/\/generacionnueva.com.co\/index.php\/wp-json\/wp\/v2\/comments?post=2069"}],"version-history":[{"count":2,"href":"https:\/\/generacionnueva.com.co\/index.php\/wp-json\/wp\/v2\/posts\/2069\/revisions"}],"predecessor-version":[{"id":2079,"href":"https:\/\/generacionnueva.com.co\/index.php\/wp-json\/wp\/v2\/posts\/2069\/revisions\/2079"}],"wp:featuredmedia":[{"embeddable":true,"href":"https:\/\/generacionnueva.com.co\/index.php\/wp-json\/wp\/v2\/media\/2073"}],"wp:attachment":[{"href":"https:\/\/generacionnueva.com.co\/index.php\/wp-json\/wp\/v2\/media?parent=2069"}],"wp:term":[{"taxonomy":"category","embeddable":true,"href":"https:\/\/generacionnueva.com.co\/index.php\/wp-json\/wp\/v2\/categories?post=2069"},{"taxonomy":"post_tag","embeddable":true,"href":"https:\/\/generacionnueva.com.co\/index.php\/wp-json\/wp\/v2\/tags?post=2069"}],"curies":[{"name":"wp","href":"https:\/\/api.w.org\/{rel}","templated":true}]}}