{"id":182,"date":"2020-08-23T11:22:28","date_gmt":"2020-08-23T11:22:28","guid":{"rendered":"http:\/\/generacionnueva.com.co\/?p=182"},"modified":"2020-08-23T22:24:08","modified_gmt":"2020-08-23T22:24:08","slug":"dia-nacional-en-memoria-de-los-cristianos-perseguidos-en-rumania","status":"publish","type":"post","link":"https:\/\/generacionnueva.com.co\/index.php\/2020\/08\/23\/dia-nacional-en-memoria-de-los-cristianos-perseguidos-en-rumania\/","title":{"rendered":"&#8216;D\u00eda Nacional en memoria de los cristianos perseguidos&#8217; en Ruman\u00eda"},"content":{"rendered":"\n<p>El 16 de agosto, Ruman\u00eda comenz\u00f3 a celebrar por primera vez en su historia el D\u00eda Nacional en memoria de los cristianos perseguidos.Tras una iniciativa de Daniel Gheorghe, diputado del Partido Liberal Nacional,el parlamento del pa\u00eds aprob\u00f3 la implementaci\u00f3n de esta conmemoraci\u00f3n oficial.<\/p>\n\n\n\n<p>Seg\u00fan la tradici\u00f3n ortodoxa, el cristianismo lleva en Ruman\u00eda desde el siglo I d.C. cuando San Andr\u00e9s llev\u00f3 el cristianismo a los montes C\u00e1rpatos, es as\u00ed como la determinaci\u00f3n del parlamento en 2020 sobre los m\u00e1rtires se traduce como un gran logro del cristianismo en ese pa\u00eds. <\/p>\n\n\n\n<p>\u201cCada a\u00f1o, m\u00e1s cristianos en todo el mundo son v\u00edctimas de la violencia\u201d, dijo el pol\u00edtico al peri\u00f3dico alem\u00e1n Frankfurter Allgemeine Sontagszeitung. Quienes atacan la libertad religiosa, dijo, van desde \u201cislamistas y jihadistas hasta reg\u00edmenes totalitarios como Corea del Norte y China\u201d.<\/p>\n\n\n\n<p>En Rumania, la fecha conmemora la muerte de Constantin Brancoveanus, un pr\u00edncipe de Valaquia, regi\u00f3n en el sur del pa\u00eds. Fue ejecutado por los otomanos el 15 de agosto de 1714, junto a sus hijos, por negarse a convertirse al Islam. En la Iglesia Ortodoxa Rumana, el 16 de agosto ya era un d\u00eda de recuerdo de estos m\u00e1rtires desde principios de los 90.<\/p>\n\n\n\n<p>Cuando se le pregunt\u00f3 sobre el estado de la libertad religiosa en Europa, Gheorge se refiri\u00f3 a los peligros de la \u201ccensura del lenguaje\u201d, las restricciones a la libertad de expresi\u00f3n y el crecimiento de ideolog\u00edas \u201cneomarxistas\u201d y \u201cseculares y nihilistas\u201d.<\/p>\n\n\n\n<p>Hungr\u00eda es otro pa\u00eds de Europa del Este que organiza eventos oficiales para crear conciencia sobre la persecuci\u00f3n de los cristianos en todo el mundo.<\/p>\n","protected":false},"excerpt":{"rendered":"<p>El 16 de agosto, Ruman\u00eda comenz\u00f3 a celebrar por primera vez en su historia el D\u00eda Nacional en memoria de los cristianos perseguidos.Tras una iniciativa de Daniel Gheorghe, diputado del Partido Liberal Nacional,el parlamento del pa\u00eds aprob\u00f3 la implementaci\u00f3n de esta conmemoraci\u00f3n oficial. Seg\u00fan la tradici\u00f3n ortodoxa, el cristianismo lleva en Ruman\u00eda desde el siglo&#8230;<\/p>\n","protected":false},"author":1,"featured_media":183,"comment_status":"open","ping_status":"open","sticky":false,"template":"","format":"standard","meta":{"footnotes":""},"categories":[1],"tags":[33,34,35],"class_list":["post-182","post","type-post","status-publish","format-standard","has-post-thumbnail","hentry","category-home","tag-historia","tag-news","tag-press","th-blog blog-single has-post-thumbnail"],"amp_enabled":true,"_links":{"self":[{"href":"https:\/\/generacionnueva.com.co\/index.php\/wp-json\/wp\/v2\/posts\/182","targetHints":{"allow":["GET"]}}],"collection":[{"href":"https:\/\/generacionnueva.com.co\/index.php\/wp-json\/wp\/v2\/posts"}],"about":[{"href":"https:\/\/generacionnueva.com.co\/index.php\/wp-json\/wp\/v2\/types\/post"}],"author":[{"embeddable":true,"href":"https:\/\/generacionnueva.com.co\/index.php\/wp-json\/wp\/v2\/users\/1"}],"replies":[{"embeddable":true,"href":"https:\/\/generacionnueva.com.co\/index.php\/wp-json\/wp\/v2\/comments?post=182"}],"version-history":[{"count":3,"href":"https:\/\/generacionnueva.com.co\/index.php\/wp-json\/wp\/v2\/posts\/182\/revisions"}],"predecessor-version":[{"id":196,"href":"https:\/\/generacionnueva.com.co\/index.php\/wp-json\/wp\/v2\/posts\/182\/revisions\/196"}],"wp:featuredmedia":[{"embeddable":true,"href":"https:\/\/generacionnueva.com.co\/index.php\/wp-json\/wp\/v2\/media\/183"}],"wp:attachment":[{"href":"https:\/\/generacionnueva.com.co\/index.php\/wp-json\/wp\/v2\/media?parent=182"}],"wp:term":[{"taxonomy":"category","embeddable":true,"href":"https:\/\/generacionnueva.com.co\/index.php\/wp-json\/wp\/v2\/categories?post=182"},{"taxonomy":"post_tag","embeddable":true,"href":"https:\/\/generacionnueva.com.co\/index.php\/wp-json\/wp\/v2\/tags?post=182"}],"curies":[{"name":"wp","href":"https:\/\/api.w.org\/{rel}","templated":true}]}}