{"id":1688,"date":"2023-01-13T23:34:02","date_gmt":"2023-01-13T23:34:02","guid":{"rendered":"https:\/\/generacionnueva.com.co\/?p=1688"},"modified":"2023-01-19T23:48:45","modified_gmt":"2023-01-19T23:48:45","slug":"gabriel-bazan-se-declara-libre-de-las-mentiras","status":"publish","type":"post","link":"https:\/\/generacionnueva.com.co\/index.php\/2023\/01\/13\/gabriel-bazan-se-declara-libre-de-las-mentiras\/","title":{"rendered":"<strong>Gabriel Baz\u00e1n<\/strong> se declara libre de las <strong><em>Mentiras<\/em><\/strong>"},"content":{"rendered":"<div class=\"wp-block-image\">\n<figure class=\"alignleft size-large is-resized\"><img fetchpriority=\"high\" decoding=\"async\" src=\"https:\/\/generacionnueva.com.co\/wp-content\/uploads\/2023\/01\/Mentiras_portada-1024x1024.jpg\" alt=\"\" class=\"wp-image-1691\" width=\"404\" height=\"404\" srcset=\"https:\/\/generacionnueva.com.co\/wp-content\/uploads\/2023\/01\/Mentiras_portada-1024x1024.jpg 1024w, https:\/\/generacionnueva.com.co\/wp-content\/uploads\/2023\/01\/Mentiras_portada-300x300.jpg 300w, https:\/\/generacionnueva.com.co\/wp-content\/uploads\/2023\/01\/Mentiras_portada-150x150.jpg 150w, https:\/\/generacionnueva.com.co\/wp-content\/uploads\/2023\/01\/Mentiras_portada-768x768.jpg 768w, https:\/\/generacionnueva.com.co\/wp-content\/uploads\/2023\/01\/Mentiras_portada-1536x1536.jpg 1536w, https:\/\/generacionnueva.com.co\/wp-content\/uploads\/2023\/01\/Mentiras_portada-2048x2048.jpg 2048w, https:\/\/generacionnueva.com.co\/wp-content\/uploads\/2023\/01\/Mentiras_portada-696x696.jpg 696w, https:\/\/generacionnueva.com.co\/wp-content\/uploads\/2023\/01\/Mentiras_portada-1068x1068.jpg 1068w, https:\/\/generacionnueva.com.co\/wp-content\/uploads\/2023\/01\/Mentiras_portada-1920x1920.jpg 1920w, https:\/\/generacionnueva.com.co\/wp-content\/uploads\/2023\/01\/Mentiras_portada-420x420.jpg 420w\" sizes=\"(max-width: 404px) 100vw, 404px\" \/><\/figure>\n<\/div>\n\n\n<p>El cantante argentino <strong>Gabriel Baz\u00e1n <\/strong>presenta hoy un nuevo sencillo titulado <strong><em>Mentiras, <\/em><\/strong>una canci\u00f3n de pop latino fusionado con sonidos de la m\u00fasica tradicional del norte de Argentina. Compuesto por el int\u00e9rprete, el tema es una declaraci\u00f3n en la que expone su resoluci\u00f3n de poner a Jes\u00fas como \u00fanico fundamento y verdad.<\/p>\n\n\n\n<p>Producida por <strong>Federico Lepre<\/strong>, esta canci\u00f3n es tambi\u00e9n una confrontaci\u00f3n a las verdades a medias que presenta Satan\u00e1s y que muchas veces son tomadas como verdades por los creyentes.<em> \u00ab<\/em><em>Cuando conocemos la verdad que es Jes\u00fas, esa verdad nos hace libres; esa libertad abre nuestros ojos y nos hace ver que la esclavitud del pecado, enga\u00f1o y falsedad no es la vida para la cual fuimos creados\u00bb<\/em>, comenta <strong>Gabriel Baz\u00e1n<\/strong>. <\/p>\n\n\n\n<p>En <strong><em>Mentiras<\/em><\/strong>, el artista hace referencia a diferentes versos de la Biblia como Juan 14:6, en donde Jes\u00fas declara que \u00e9l es el camino la verdad y la vida, as\u00ed como al Salmo 15, que habla sobre la importancia de la integridad tanto en el hablar como en el actuar. <em>\u00ab<\/em><em>Una vez conocemos el camino, la verdad y la vida, esas mentiras que hab\u00edan enga\u00f1ado nuestro coraz\u00f3n durante tanto tiempo ya no dominan nuestra mente, coraz\u00f3n y esp\u00edritu\u00bb<\/em>, agrega el int\u00e9rprete.<\/p>\n\n\n\n<p><strong>Gabriel Baz\u00e1n<\/strong> vive un momento de cambios y desaf\u00edos que ha calificado como \u00abhermoso\u00bb, con luchas pero con su confianza puesta en Dios y expectante de algo glorioso por venir. Trabajar\u00e1 durante este mes y el siguiente en un nuevo proyecto musical y realizar\u00e1 en el mes de marzo una gira por varias ciudades de Costa Rica y Argentina.<\/p>\n\n\n\n<p>Este sencillo es un lanzamiento internacional de <strong>Heaven Music<\/strong> y ya se encuentra disponible en todas las plataformas digitales.<\/p>\n","protected":false},"excerpt":{"rendered":"<p>El cantante argentino Gabriel Baz\u00e1n presenta hoy un nuevo sencillo titulado Mentiras, una canci\u00f3n de pop latino fusionado con sonidos de la m\u00fasica tradicional del norte de Argentina. Compuesto por el int\u00e9rprete, el tema es una declaraci\u00f3n en la que expone su resoluci\u00f3n de poner a Jes\u00fas como \u00fanico fundamento y verdad. Producida por Federico&#8230;<\/p>\n","protected":false},"author":1,"featured_media":1690,"comment_status":"open","ping_status":"open","sticky":false,"template":"","format":"standard","meta":{"footnotes":""},"categories":[39],"tags":[1711,79,866,3320],"class_list":["post-1688","post","type-post","status-publish","format-standard","has-post-thumbnail","hentry","category-musica","tag-federico-lepre-2","tag-gabriel-bazan","tag-heaven-music","tag-mentiras","th-blog blog-single has-post-thumbnail"],"amp_enabled":true,"_links":{"self":[{"href":"https:\/\/generacionnueva.com.co\/index.php\/wp-json\/wp\/v2\/posts\/1688","targetHints":{"allow":["GET"]}}],"collection":[{"href":"https:\/\/generacionnueva.com.co\/index.php\/wp-json\/wp\/v2\/posts"}],"about":[{"href":"https:\/\/generacionnueva.com.co\/index.php\/wp-json\/wp\/v2\/types\/post"}],"author":[{"embeddable":true,"href":"https:\/\/generacionnueva.com.co\/index.php\/wp-json\/wp\/v2\/users\/1"}],"replies":[{"embeddable":true,"href":"https:\/\/generacionnueva.com.co\/index.php\/wp-json\/wp\/v2\/comments?post=1688"}],"version-history":[{"count":1,"href":"https:\/\/generacionnueva.com.co\/index.php\/wp-json\/wp\/v2\/posts\/1688\/revisions"}],"predecessor-version":[{"id":1692,"href":"https:\/\/generacionnueva.com.co\/index.php\/wp-json\/wp\/v2\/posts\/1688\/revisions\/1692"}],"wp:featuredmedia":[{"embeddable":true,"href":"https:\/\/generacionnueva.com.co\/index.php\/wp-json\/wp\/v2\/media\/1690"}],"wp:attachment":[{"href":"https:\/\/generacionnueva.com.co\/index.php\/wp-json\/wp\/v2\/media?parent=1688"}],"wp:term":[{"taxonomy":"category","embeddable":true,"href":"https:\/\/generacionnueva.com.co\/index.php\/wp-json\/wp\/v2\/categories?post=1688"},{"taxonomy":"post_tag","embeddable":true,"href":"https:\/\/generacionnueva.com.co\/index.php\/wp-json\/wp\/v2\/tags?post=1688"}],"curies":[{"name":"wp","href":"https:\/\/api.w.org\/{rel}","templated":true}]}}