{"id":1549,"date":"2022-07-29T16:50:00","date_gmt":"2022-07-29T16:50:00","guid":{"rendered":"https:\/\/generacionnueva.com.co\/?p=1549"},"modified":"2022-08-16T17:17:30","modified_gmt":"2022-08-16T17:17:30","slug":"maria-claudia-polo-nueva-voz-juvenil-de-la-musica-cristiana","status":"publish","type":"post","link":"https:\/\/generacionnueva.com.co\/index.php\/2022\/07\/29\/maria-claudia-polo-nueva-voz-juvenil-de-la-musica-cristiana\/","title":{"rendered":"Mar\u00eda Claudia Polo, nueva voz juvenil de la m\u00fasica cristiana"},"content":{"rendered":"\n<p>Mar\u00eda Claudia Polo, la nueva referencia juvenil de la m\u00fasica cristiana, conmueve\u00a0con su c\u00e1lida voz, la cual se puede apreciar en su nueva balada,\u00a0<a rel=\"noreferrer noopener\" href=\"https:\/\/r20.rs6.net\/tn.jsp?f=001d2Bq3rcsDulJwjUk_76qCVNM5udTZckoyvSH0UqAEgBKm16NJWb5idS2v3eUmBXI4iGS0H4LBrMHFszq2TMmMJnQJWAOgQSQDreDRBiL4pFERl4evP-IR00Sfwytl1841FE57DnQ0206iYdX_W291AXmiscj8m13&amp;c=jWiNumjECnFzxlpnO62c5Qt0SjFW_EW-znwTV0THZp1RzAyYmW_KXg==&amp;ch=SsZR9vzTfuOeORF3EvrRFYbJC4ChfpiZUQ6m8ZJIpnbtbVQoSTdW9A==\" target=\"_blank\"><strong><em>\u00abEres\u00bb<\/em><\/strong><\/a>. El tema est\u00e1 disponible a partir de hoy en todas las plataformas de streaming.<\/p>\n\n\n\n<figure class=\"wp-block-audio\"><audio controls src=\"https:\/\/generacionnueva.com.co\/wp-content\/uploads\/2022\/08\/Maria-Claudia_Eres_Master.wav\"><\/audio><figcaption>Escuchar canci\u00f3n &#8220;Eres&#8221; &#8211; Mar\u00eda Claudia Polo <\/figcaption><\/figure>\n\n\n\n<p>La artista emergente se convirti\u00f3 en la absoluta ganadora de la primera edici\u00f3n de&nbsp;<em>\u00abEnviados\u00bb<\/em>, un reality internacional que revolucion\u00f3 el arte de la m\u00fasica. Presentado por Aguas Claras Misi\u00f3n, el mismo hizo una convocatoria a m\u00e1s de mil cuatrocientos postulantes de todas partes del mundo.<\/p>\n\n\n\n<p>Gracias a su memorable participaci\u00f3n y al apoyo del p\u00fablico, Mar\u00eda Claudia obtuvo el premio de la grabaci\u00f3n de su primer sencillo, producido por el reconocido ejecutivo de la m\u00fasica, Juan Delgado, del sello Via Cantus.&nbsp;<em>\u00abEres<\/em><a href=\"https:\/\/r20.rs6.net\/tn.jsp?f=001d2Bq3rcsDulJwjUk_76qCVNM5udTZckoyvSH0UqAEgBKm16NJWb5idS2v3eUmBXI4iGS0H4LBrMHFszq2TMmMJnQJWAOgQSQDreDRBiL4pFERl4evP-IR00Sfwytl1841FE57DnQ0206iYdX_W291AXmiscj8m13&amp;c=jWiNumjECnFzxlpnO62c5Qt0SjFW_EW-znwTV0THZp1RzAyYmW_KXg==&amp;ch=SsZR9vzTfuOeORF3EvrRFYbJC4ChfpiZUQ6m8ZJIpnbtbVQoSTdW9A==\" target=\"_blank\" rel=\"noreferrer noopener\"><em>\u00bb<\/em><\/a><em>&nbsp;es ese primer momento en el que abres un regalo que hab\u00edas esperado por mucho tiempo. Sab\u00eda que ten\u00eda que plantarlo en un terreno f\u00e9rtil\u00bb<\/em>, comenta la cantautora, quien, adem\u00e1s, describe esta temporada de su vida como un nuevo comienzo.<\/p>\n\n\n\n<p>Inspirada en la admirable y diversa creaci\u00f3n de Dios para la composici\u00f3n, Mar\u00eda Claudia revela que su anhelo es que cada persona recuerde que en \u00c9l pueden encontrar todo lo que est\u00e1n buscando.&nbsp;<em>\u00abEspero que esta canci\u00f3n sea como un lugar seguro en el que se sientan amados y con paz, porque Su presencia estar\u00e1 siempre a su alrededor. Sin duda, \u00c9l nos hace florecer\u00bb.<\/em><\/p>\n\n\n\n<p>Adicionalmente menciona,&nbsp;<em>\u00abEn medio de la oscuridad, he podido ver a Dios y encontrar la luz. Me he dado cuenta que \u00c9l ha estado presente en esa ma\u00f1ana fresca, en la tormenta, en el verano, frente al mar. Ha estado en todo momento y en todo lugar\u00bb.&nbsp;<\/em>Con esta declaraci\u00f3n, invita a todos sus seguidores a ver pr\u00f3ximamente el video musical de&nbsp;<em>\u00abEres\u00bb<\/em>, con el que desea conectar con sus seguidores y compartirles un poco de los sentimientos que han nacido en su coraz\u00f3n.<\/p>\n\n\n\n<p>Pese a que debuta oficialmente en la industria de la m\u00fasica con este lanzamiento, la int\u00e9rprete ha generado popularidad gracias a su talento \u00fanico, el cual ha sido expuesto en los m\u00faltiples covers que ha compartido en las redes sociales. Adem\u00e1s, su carrera toma otro paso importante al firmar con\u00a0Via Cantus, su nueva y relevante casa discogr\u00e1fica que asegura catapultar su m\u00fasica y desarrollo art\u00edstico a un nuevo nivel.<\/p>\n\n\n\n<p><em>Con informaci\u00f3n de prensa Adarga Group<\/em><\/p>\n","protected":false},"excerpt":{"rendered":"<p>Mar\u00eda Claudia Polo, la nueva referencia juvenil de la m\u00fasica cristiana, conmueve\u00a0con su c\u00e1lida voz, la cual se puede apreciar en su nueva balada,\u00a0\u00abEres\u00bb. El tema est\u00e1 disponible a partir de hoy en todas las plataformas de streaming. La artista emergente se convirti\u00f3 en la absoluta ganadora de la primera edici\u00f3n de&nbsp;\u00abEnviados\u00bb, un reality internacional&#8230;<\/p>\n","protected":false},"author":1,"featured_media":1551,"comment_status":"open","ping_status":"open","sticky":false,"template":"","format":"standard","meta":{"footnotes":""},"categories":[39],"tags":[2344,2345,2343,2346,2342,1763],"class_list":["post-1549","post","type-post","status-publish","format-standard","has-post-thumbnail","hentry","category-musica","tag-aguas-claras-mision","tag-enviados","tag-eres","tag-juan-delgado","tag-maria-claudia-polo","tag-via-cantus","th-blog blog-single has-post-thumbnail"],"amp_enabled":true,"_links":{"self":[{"href":"https:\/\/generacionnueva.com.co\/index.php\/wp-json\/wp\/v2\/posts\/1549","targetHints":{"allow":["GET"]}}],"collection":[{"href":"https:\/\/generacionnueva.com.co\/index.php\/wp-json\/wp\/v2\/posts"}],"about":[{"href":"https:\/\/generacionnueva.com.co\/index.php\/wp-json\/wp\/v2\/types\/post"}],"author":[{"embeddable":true,"href":"https:\/\/generacionnueva.com.co\/index.php\/wp-json\/wp\/v2\/users\/1"}],"replies":[{"embeddable":true,"href":"https:\/\/generacionnueva.com.co\/index.php\/wp-json\/wp\/v2\/comments?post=1549"}],"version-history":[{"count":1,"href":"https:\/\/generacionnueva.com.co\/index.php\/wp-json\/wp\/v2\/posts\/1549\/revisions"}],"predecessor-version":[{"id":1553,"href":"https:\/\/generacionnueva.com.co\/index.php\/wp-json\/wp\/v2\/posts\/1549\/revisions\/1553"}],"wp:featuredmedia":[{"embeddable":true,"href":"https:\/\/generacionnueva.com.co\/index.php\/wp-json\/wp\/v2\/media\/1551"}],"wp:attachment":[{"href":"https:\/\/generacionnueva.com.co\/index.php\/wp-json\/wp\/v2\/media?parent=1549"}],"wp:term":[{"taxonomy":"category","embeddable":true,"href":"https:\/\/generacionnueva.com.co\/index.php\/wp-json\/wp\/v2\/categories?post=1549"},{"taxonomy":"post_tag","embeddable":true,"href":"https:\/\/generacionnueva.com.co\/index.php\/wp-json\/wp\/v2\/tags?post=1549"}],"curies":[{"name":"wp","href":"https:\/\/api.w.org\/{rel}","templated":true}]}}