{"id":1441,"date":"2022-05-23T16:29:00","date_gmt":"2022-05-23T16:29:00","guid":{"rendered":"https:\/\/generacionnueva.com.co\/?p=1441"},"modified":"2022-05-24T16:57:50","modified_gmt":"2022-05-24T16:57:50","slug":"con-sonidos-argentinos-llega-la-cancion-prisionero-de-gabriel-bazan","status":"publish","type":"post","link":"https:\/\/generacionnueva.com.co\/index.php\/2022\/05\/23\/con-sonidos-argentinos-llega-la-cancion-prisionero-de-gabriel-bazan\/","title":{"rendered":"Con sonidos argentinos llega la canci\u00f3n &#8220;Prisionero&#8221; de Gabriel Baz\u00e1n"},"content":{"rendered":"\n<p>El cantante y compositor, <strong>Gabriel Baz\u00e1n<\/strong>, presenta su nuevo sencillo titulado <strong><em>\u00abPrisionero\u00bb<\/em><\/strong><em>,<\/em> un tema marcado en su sonido por su identidad argentina. Con este, comunica el efecto que una persona experimenta cuando es cautivado por el amor de Dios y alcanzado por su perd\u00f3n.<\/p>\n\n\n\n<div class=\"wp-block-image\"><figure class=\"alignleft size-large is-resized\"><img fetchpriority=\"high\" decoding=\"async\" src=\"https:\/\/generacionnueva.com.co\/wp-content\/uploads\/2022\/05\/Prisionero_foto-1-1024x575.jpg\" alt=\"\" class=\"wp-image-1443\" width=\"397\" height=\"222\" srcset=\"https:\/\/generacionnueva.com.co\/wp-content\/uploads\/2022\/05\/Prisionero_foto-1-1024x575.jpg 1024w, https:\/\/generacionnueva.com.co\/wp-content\/uploads\/2022\/05\/Prisionero_foto-1-300x169.jpg 300w, https:\/\/generacionnueva.com.co\/wp-content\/uploads\/2022\/05\/Prisionero_foto-1-768x431.jpg 768w, https:\/\/generacionnueva.com.co\/wp-content\/uploads\/2022\/05\/Prisionero_foto-1-1536x863.jpg 1536w, https:\/\/generacionnueva.com.co\/wp-content\/uploads\/2022\/05\/Prisionero_foto-1-2048x1151.jpg 2048w, https:\/\/generacionnueva.com.co\/wp-content\/uploads\/2022\/05\/Prisionero_foto-1-150x84.jpg 150w, https:\/\/generacionnueva.com.co\/wp-content\/uploads\/2022\/05\/Prisionero_foto-1-696x391.jpg 696w, https:\/\/generacionnueva.com.co\/wp-content\/uploads\/2022\/05\/Prisionero_foto-1-1068x600.jpg 1068w, https:\/\/generacionnueva.com.co\/wp-content\/uploads\/2022\/05\/Prisionero_foto-1-1920x1079.jpg 1920w, https:\/\/generacionnueva.com.co\/wp-content\/uploads\/2022\/05\/Prisionero_foto-1-748x420.jpg 748w\" sizes=\"(max-width: 397px) 100vw, 397px\" \/><figcaption>Foto: Gabriel Baz\u00e1n<\/figcaption><\/figure><\/div>\n\n\n\n<p>El tema fue producido por <strong>Federico Lepre<\/strong>, quien junto a <strong>Baz\u00e1n<\/strong>, tambi\u00e9n colabor\u00f3 en la composici\u00f3n de la letra. <strong><em>\u00abPrisionero\u00bb<\/em><\/strong> es una canci\u00f3n de pop latino que se destaca por la influencia del tango argentino, notable desde las primeras notas. El sencillo busca contagiar vida, alegr\u00eda y esperanza, que parad\u00f3jicamente se encuentra cuando se es prisionero del Se\u00f1or.<\/p>\n\n\n\n<p>La idea de la canci\u00f3n surgi\u00f3 del t\u00edtulo que el ap\u00f3stol Pablo se dio a s\u00ed mismo en Efesios 3:1: <em>\u00abyo, Pablo, prisionero de Cristo Jes\u00fas por el bien de ustedes los gentiles\u00bb<\/em> (NVI). <strong>Gabriel Baz\u00e1n<\/strong> se declara un prisionero voluntario del Se\u00f1or, con el deseo de quedarse \u00fanicamente con el amor de Dios, que transforma y purifica.<\/p>\n\n\n\n<p>El cantautor afirma que hay \u00abmomentos puntuales en los que uno se encuentra en la b\u00fasqueda de la salida a problemas y luchas, pero cuando nos encontramos cara a cara con el perd\u00f3n [de Dios], vemos que no hay otra mejor opci\u00f3n\u00bb. Esto mismo expresa mediante el coro de la canci\u00f3n: <em>\u00abY yo me quedo contigo, s\u00e9 que a tu lado soy feliz; antes que el mundo, te elijo a ti, nunca he encontrado un amor as\u00ed. Aunque camine en la noche, s\u00e9 que tu mano me sostendr\u00e1 y que t\u00fa nunca me dejar\u00e1s. Soy de tu amor prisionero porque he nacido de nuevo\u00bb.<\/em><\/p>\n\n\n\n<p>A la par de la canci\u00f3n, tambi\u00e9n se presenta el videoclip oficial del sencillo, dirigido por <strong>Esteban Baz\u00e1n<\/strong>, y que fue grabado en uno de los lugares hist\u00f3ricos y m\u00e1s emblem\u00e1ticos de la ciudad de Salta, en el norte argentino, ubicaci\u00f3n en la cual resalta la arquitectura nacional. Acerca de su videoclip de<em> performance<\/em>, <strong>Gabriel Baz\u00e1n <\/strong>comenta: <em>\u00abMostramos la esencia del tango argentino y la intenci\u00f3n de redimir el significado del bandone\u00f3n, instrumento que lleg\u00f3 a la Argentina para adorar a Dios en las iglesias, pero que por motivos de corrupci\u00f3n termin\u00f3 us\u00e1ndose en lugares oscuros\u00bb.<\/em><\/p>\n\n\n\n<p>Actualmente de gira por Espa\u00f1a, <strong>Gabriel Baz\u00e1n<\/strong> est\u00e1 expectante de la difusi\u00f3n que <strong><em>\u00abPrisionero\u00bb<\/em><\/strong> tendr\u00e1 en Am\u00e9rica Latina. En el pr\u00f3ximo mes de julio tendr\u00e1 una gira por Bolivia y continuar\u00e1 lanzando m\u00fasica nueva.<\/p>\n\n\n\n<p><strong><em>\u00abPrisionero\u00bb<\/em><\/strong>, de <strong>Gabriel Baz\u00e1n<\/strong>, es un lanzamiento internacional de <strong>Heaven Music<\/strong>, ya disponible para disfrutarse en todas las plataformas. El videoclip se estrenar\u00e1 en el canal oficial del cantante en YouTube.<\/p>\n\n\n\n<p><em>Con informaci\u00f3n Allegro Noticias<\/em><\/p>\n","protected":false},"excerpt":{"rendered":"<p>El cantante y compositor, Gabriel Baz\u00e1n, presenta su nuevo sencillo titulado \u00abPrisionero\u00bb, un tema marcado en su sonido por su identidad argentina. Con este, comunica el efecto que una persona experimenta cuando es cautivado por el amor de Dios y alcanzado por su perd\u00f3n. El tema fue producido por Federico Lepre, quien junto a Baz\u00e1n,&#8230;<\/p>\n","protected":false},"author":1,"featured_media":1444,"comment_status":"open","ping_status":"open","sticky":false,"template":"","format":"video","meta":{"footnotes":""},"categories":[36,39],"tags":[1713,1711,79,866,1712,1710],"class_list":["post-1441","post","type-post","status-publish","format-video","has-post-thumbnail","hentry","category-actualidad","category-musica","tag-esteban-bazan","tag-federico-lepre-2","tag-gabriel-bazan","tag-heaven-music","tag-nvi","tag-prisionero","post_format-post-format-video","th-blog blog-single has-post-thumbnail"],"amp_enabled":true,"_links":{"self":[{"href":"https:\/\/generacionnueva.com.co\/index.php\/wp-json\/wp\/v2\/posts\/1441","targetHints":{"allow":["GET"]}}],"collection":[{"href":"https:\/\/generacionnueva.com.co\/index.php\/wp-json\/wp\/v2\/posts"}],"about":[{"href":"https:\/\/generacionnueva.com.co\/index.php\/wp-json\/wp\/v2\/types\/post"}],"author":[{"embeddable":true,"href":"https:\/\/generacionnueva.com.co\/index.php\/wp-json\/wp\/v2\/users\/1"}],"replies":[{"embeddable":true,"href":"https:\/\/generacionnueva.com.co\/index.php\/wp-json\/wp\/v2\/comments?post=1441"}],"version-history":[{"count":1,"href":"https:\/\/generacionnueva.com.co\/index.php\/wp-json\/wp\/v2\/posts\/1441\/revisions"}],"predecessor-version":[{"id":1445,"href":"https:\/\/generacionnueva.com.co\/index.php\/wp-json\/wp\/v2\/posts\/1441\/revisions\/1445"}],"wp:featuredmedia":[{"embeddable":true,"href":"https:\/\/generacionnueva.com.co\/index.php\/wp-json\/wp\/v2\/media\/1444"}],"wp:attachment":[{"href":"https:\/\/generacionnueva.com.co\/index.php\/wp-json\/wp\/v2\/media?parent=1441"}],"wp:term":[{"taxonomy":"category","embeddable":true,"href":"https:\/\/generacionnueva.com.co\/index.php\/wp-json\/wp\/v2\/categories?post=1441"},{"taxonomy":"post_tag","embeddable":true,"href":"https:\/\/generacionnueva.com.co\/index.php\/wp-json\/wp\/v2\/tags?post=1441"}],"curies":[{"name":"wp","href":"https:\/\/api.w.org\/{rel}","templated":true}]}}