{"id":1202,"date":"2022-03-09T17:10:00","date_gmt":"2022-03-09T17:10:00","guid":{"rendered":"https:\/\/generacionnueva.com.co\/?p=1202"},"modified":"2022-03-11T17:15:25","modified_gmt":"2022-03-11T17:15:25","slug":"ale-fdz-lanza-su-nueva-cancion-titulada-gloria","status":"publish","type":"post","link":"https:\/\/generacionnueva.com.co\/index.php\/2022\/03\/09\/ale-fdz-lanza-su-nueva-cancion-titulada-gloria\/","title":{"rendered":"Ale Fdz lanza su nueva canci\u00f3n titulada &#8216;Gloria&#8217;"},"content":{"rendered":"\n<p>El cantante y compositor costarricense, <strong>Ale Fdz<\/strong>, presenta su nuevo sencillo, titulado <strong><em>\u00abGloria\u00bb<\/em><\/strong>, canci\u00f3n que hace resonar la voz de la iglesia, invit\u00e1ndola a unirse al cielo en un coro de exaltaci\u00f3n a Jes\u00fas, el rey de gloria.<\/p>\n\n\n\n<p><strong><em>\u00abGloria\u00bb<\/em><\/strong><strong> <\/strong>es un alegre canto de adoraci\u00f3n producido por el propio <strong>Ale Fdz<\/strong> en su estudio de grabaci\u00f3n, en Costa Rica, tema en el cual tambi\u00e9n participaron <strong>Pablo Lacayo<\/strong> y <strong>David Poveda, <\/strong>como arreglistas,con<strong> Danny Ventura<\/strong> a cargo de la mezcla. El tema fue influido musicalmente por el popde los 70 y 80, fusionando arreglos de guitarras y sintetizadores que le aportan mucha fuerza y dinamismo.<\/p>\n\n\n\n<p>El nuevo sencillo del joven cantante y compositor es una potente y en\u00e9rgica proclamaci\u00f3n impulsada por la grandeza y la dignidad de Dios. As\u00ed como el cielo celebra en respuesta a la revelaci\u00f3n de su ser y sus haza\u00f1as, el sencillo despierta a la iglesia a dar una respuesta coherente ante el amor, el poder y la majestuosidad de Dios. <strong>Ale Fdz<\/strong> comenta que la canci\u00f3n <em>\u00abfue inspirada en un momento en el que pensaba en esa fiesta inacabable que sucede en las regiones celestiales, un anhelo por unirme a lo que est\u00e1 sucediendo ah\u00ed 24\/7 y una visi\u00f3n en donde el canto de nuestra congregaci\u00f3n se entrelazaba con el de los \u00e1ngeles\u00bb.<\/em><\/p>\n\n\n\n<p>Esta composici\u00f3n fue inspirada por la doxolog\u00eda de Pablo en 1 Timoteo 1:17: <em>\u00abPor tanto, al Rey de los siglos, inmortal, invisible, al \u00fanico y sabio Dios, sea honor y gloria por los siglos de los siglos. Am\u00e9n\u00bb <\/em>(RVR1960)<em>.<\/em> Asimismo, <strong><em>\u00abGloria\u00bb<\/em><\/strong> representa una invitaci\u00f3n a encontrar en Jes\u00fas el tan anhelado gozo y plenitud. <em>\u00abEs una invitaci\u00f3n a venir a beber del agua que quita la sed, un manantial que no acaba y siempre nos refresca, nos restaura y nos llena de su amor perfecto\u00bb,<\/em> dice <strong>Ale Fdz.<\/strong><\/p>\n\n\n\n<p>Acompa\u00f1ando el lanzamiento, se presenta el videoclip oficial de la canci\u00f3n, grabado en<strong> Black Bear Studios,<\/strong> en <strong>Monterrey<\/strong>,<strong> M\u00e9xico<\/strong>, producido por <strong>Luis \u00c1brego <\/strong>para <strong>4\/24 Films<\/strong>. El video tiene im\u00e1genes que remiten al agua, haciendo referencia a la letra que describe a Jes\u00fas como el agua viva. <em>\u00abVen a tomar del agua, un manantial de amor perfecto, es eterno. El \u00fanico que salva, el cielo entero te proclama como el Rey de gloria\u00bb, <\/em>declara el coro de la canci\u00f3n.<\/p>\n\n\n\n<p><strong>Ale Fdz<\/strong> mantiene la pasi\u00f3n intacta por proclamar entre los j\u00f3venes el evangelio de esperanza y salvaci\u00f3n. <em>\u00abEn este momento existe un anhelo por alcanzar las generaciones j\u00f3venes, de secundaria y universitarios; estamos reuni\u00e9ndonos constantemente con eso en mente para que el mensaje de salvaci\u00f3n pueda ser compartido con ellos y presentarles a nuestro Salvador\u00bb<\/em>, expresa.<em> \u00abSumado a eso, se preparan nuevas canciones y un \u00e1lbum como iglesia en el cual estar\u00e9 a cargo de la producci\u00f3n\u00bb<\/em>, finaliza.<\/p>\n","protected":false},"excerpt":{"rendered":"<p>El cantante y compositor costarricense, Ale Fdz, presenta su nuevo sencillo, titulado \u00abGloria\u00bb, canci\u00f3n que hace resonar la voz de la iglesia, invit\u00e1ndola a unirse al cielo en un coro de exaltaci\u00f3n a Jes\u00fas, el rey de gloria. \u00abGloria\u00bb es un alegre canto de adoraci\u00f3n producido por el propio Ale Fdz en su estudio de&#8230;<\/p>\n","protected":false},"author":1,"featured_media":1205,"comment_status":"open","ping_status":"open","sticky":false,"template":"","format":"video","meta":{"footnotes":""},"categories":[36,39],"tags":[398,926,925,439,927],"class_list":["post-1202","post","type-post","status-publish","format-video","has-post-thumbnail","hentry","category-actualidad","category-musica","tag-ale-fdz","tag-black-bear-studios-monterrey","tag-cancion-gloria","tag-lanzamientos-cristianos","tag-musica-cristiana-2022","post_format-post-format-video","th-blog blog-single has-post-thumbnail"],"amp_enabled":true,"_links":{"self":[{"href":"https:\/\/generacionnueva.com.co\/index.php\/wp-json\/wp\/v2\/posts\/1202","targetHints":{"allow":["GET"]}}],"collection":[{"href":"https:\/\/generacionnueva.com.co\/index.php\/wp-json\/wp\/v2\/posts"}],"about":[{"href":"https:\/\/generacionnueva.com.co\/index.php\/wp-json\/wp\/v2\/types\/post"}],"author":[{"embeddable":true,"href":"https:\/\/generacionnueva.com.co\/index.php\/wp-json\/wp\/v2\/users\/1"}],"replies":[{"embeddable":true,"href":"https:\/\/generacionnueva.com.co\/index.php\/wp-json\/wp\/v2\/comments?post=1202"}],"version-history":[{"count":1,"href":"https:\/\/generacionnueva.com.co\/index.php\/wp-json\/wp\/v2\/posts\/1202\/revisions"}],"predecessor-version":[{"id":1204,"href":"https:\/\/generacionnueva.com.co\/index.php\/wp-json\/wp\/v2\/posts\/1202\/revisions\/1204"}],"wp:featuredmedia":[{"embeddable":true,"href":"https:\/\/generacionnueva.com.co\/index.php\/wp-json\/wp\/v2\/media\/1205"}],"wp:attachment":[{"href":"https:\/\/generacionnueva.com.co\/index.php\/wp-json\/wp\/v2\/media?parent=1202"}],"wp:term":[{"taxonomy":"category","embeddable":true,"href":"https:\/\/generacionnueva.com.co\/index.php\/wp-json\/wp\/v2\/categories?post=1202"},{"taxonomy":"post_tag","embeddable":true,"href":"https:\/\/generacionnueva.com.co\/index.php\/wp-json\/wp\/v2\/tags?post=1202"}],"curies":[{"name":"wp","href":"https:\/\/api.w.org\/{rel}","templated":true}]}}