{"id":1187,"date":"2022-02-25T20:50:00","date_gmt":"2022-02-25T20:50:00","guid":{"rendered":"https:\/\/generacionnueva.com.co\/?p=1187"},"modified":"2022-03-02T20:54:56","modified_gmt":"2022-03-02T20:54:56","slug":"conflicto-ucrania-rusia-empeora-la-crisis-climatica-mundial","status":"publish","type":"post","link":"https:\/\/generacionnueva.com.co\/index.php\/2022\/02\/25\/conflicto-ucrania-rusia-empeora-la-crisis-climatica-mundial\/","title":{"rendered":"Conflicto Ucrania-Rusia empeora la crisis clim\u00e1tica mundial"},"content":{"rendered":"\n<p>La Uni\u00f3n Europea importa de Rusia m\u00e1s del 40\u2008% del gas que consume. De esta forma, las sanciones internacionales a Rusia, como lo son las restricciones al comercio con este pa\u00eds, pueden afectar de manera directa los mercados energ\u00e9ticos europeos, los cuales tendr\u00edan que desplazarse a otros energ\u00e9ticos, como el carb\u00f3n, lo cual disparar\u00eda las emisiones de gases de efecto invernadero.<\/p>\n\n\n\n<p>El doctor Camilo Prieto, Profesor de la U Javeriana, en las \u00e1reas de cambio clim\u00e1tico y energ\u00eda, expone la realidad europea: \u201cHay que recordar que el consumo de gas en pa\u00edses como Austria y Finlandia depende pr\u00e1cticamente un 100\u2008% de Rusia. En el caso de Alemania, este valor es cercano al 60\u2008%. Alemania, adem\u00e1s, ha bloqueado la certificaci\u00f3n del gasoducto ruso Nord Stream II. Este proyecto busca llevar gas ruso, no solamente a este pa\u00eds, sino al resto de la Uni\u00f3n Europea, y est\u00e1 proyectado que su alcance sea para m\u00e1s de 26 millones de hogares. Sin duda, sin este energ\u00e9tico los pa\u00edses tendr\u00edan que trasladarse a fuentes f\u00f3siles como el carb\u00f3n, lo que har\u00eda imposible cumplir las metas del pacto de Glasgow para el clima. El conflicto en Ucrania no es solo una tragedia humana, sino un potenciador de la crisis ambiental global.\u201d<\/p>\n\n\n\n<p><strong>\u00bfQu\u00e9 es el gasoducto Nord Stream?<\/strong><\/p>\n\n\n\n<p>El Nord Stream es un sistema para transportar gas de Rusia a Alemania y a otros pa\u00edses europeos a trav\u00e9s del mar B\u00e1ltico. El sistema consta de dos gasoductos: Nord Stream I, que funciona desde 2011, y Nord Stream II, que se termin\u00f3 de construir en el 2021, pero que su licencia para operar estaba engavetada desde noviembre pasado y con la suspensi\u00f3n de la aprobaci\u00f3n final del gasoducto Nord Stream 2 por parte de Alemania, debido a las acciones de Rusia en Ucrania Ante la falta de gas, varios pa\u00edses europeos tendr\u00edan que volver su mirada al carb\u00f3n o tener que buscar aliados como EEUU para suplir sus necesidades de gas en un futuro mediano.<\/p>\n\n\n\n<p><strong>\u00bfQu\u00e9 es el pacto Glasgow por el clima?<\/strong><\/p>\n\n\n\n<p>Es un conjunto de decisiones multilaterales que consta de una serie de puntos acordados, entre los que se incluye el refuerzo de los esfuerzos para aumentar la resistencia al cambio clim\u00e1tico, frenar las emisiones de gases de efecto invernadero y proporcionar la financiaci\u00f3n necesaria para ambos. Los pa\u00edses reafirmaron su deber de cumplir la promesa de proporcionar 100 000 millones de d\u00f3lares anuales de los pa\u00edses desarrollados a los pa\u00edses en desarrollo. Adem\u00e1s, acordaron colectivamente trabajar para reducir la brecha entre los planes existentes de reducci\u00f3n de emisiones y lo que se requiere para reducirlas, de modo que el aumento de la temperatura media mundial pueda limitarse a 1,5 grados. Como parte del paquete de decisiones, los pa\u00edses tambi\u00e9n completaron las normas de aplicaci\u00f3n del Acuerdo de Par\u00eds en lo que respecta a los mecanismos de mercado y los enfoques no comerciales, as\u00ed como a la notificaci\u00f3n transparente de las acciones clim\u00e1ticas y el apoyo proporcionado o recibido, incluso por p\u00e9rdidas y da\u00f1os.<\/p>\n","protected":false},"excerpt":{"rendered":"<p>La Uni\u00f3n Europea importa de Rusia m\u00e1s del 40\u2008% del gas que consume. De esta forma, las sanciones internacionales a Rusia, como lo son las restricciones al comercio con este pa\u00eds, pueden afectar de manera directa los mercados energ\u00e9ticos europeos, los cuales tendr\u00edan que desplazarse a otros energ\u00e9ticos, como el carb\u00f3n, lo cual disparar\u00eda las&#8230;<\/p>\n","protected":false},"author":1,"featured_media":1189,"comment_status":"open","ping_status":"open","sticky":false,"template":"","format":"standard","meta":{"footnotes":""},"categories":[36],"tags":[904,899,901,898,900,897,902,906,903,905],"class_list":["post-1187","post","type-post","status-publish","format-standard","has-post-thumbnail","hentry","category-actualidad","tag-alemania","tag-analisis-de-la-guerra","tag-austria","tag-camilo-prieto","tag-carbon","tag-crisis-ucrania","tag-finlandia","tag-gasoducto-nord-stream","tag-rusia","tag-union-europea","th-blog blog-single has-post-thumbnail"],"amp_enabled":true,"_links":{"self":[{"href":"https:\/\/generacionnueva.com.co\/index.php\/wp-json\/wp\/v2\/posts\/1187","targetHints":{"allow":["GET"]}}],"collection":[{"href":"https:\/\/generacionnueva.com.co\/index.php\/wp-json\/wp\/v2\/posts"}],"about":[{"href":"https:\/\/generacionnueva.com.co\/index.php\/wp-json\/wp\/v2\/types\/post"}],"author":[{"embeddable":true,"href":"https:\/\/generacionnueva.com.co\/index.php\/wp-json\/wp\/v2\/users\/1"}],"replies":[{"embeddable":true,"href":"https:\/\/generacionnueva.com.co\/index.php\/wp-json\/wp\/v2\/comments?post=1187"}],"version-history":[{"count":1,"href":"https:\/\/generacionnueva.com.co\/index.php\/wp-json\/wp\/v2\/posts\/1187\/revisions"}],"predecessor-version":[{"id":1190,"href":"https:\/\/generacionnueva.com.co\/index.php\/wp-json\/wp\/v2\/posts\/1187\/revisions\/1190"}],"wp:featuredmedia":[{"embeddable":true,"href":"https:\/\/generacionnueva.com.co\/index.php\/wp-json\/wp\/v2\/media\/1189"}],"wp:attachment":[{"href":"https:\/\/generacionnueva.com.co\/index.php\/wp-json\/wp\/v2\/media?parent=1187"}],"wp:term":[{"taxonomy":"category","embeddable":true,"href":"https:\/\/generacionnueva.com.co\/index.php\/wp-json\/wp\/v2\/categories?post=1187"},{"taxonomy":"post_tag","embeddable":true,"href":"https:\/\/generacionnueva.com.co\/index.php\/wp-json\/wp\/v2\/tags?post=1187"}],"curies":[{"name":"wp","href":"https:\/\/api.w.org\/{rel}","templated":true}]}}