{"id":1175,"date":"2022-03-01T20:34:00","date_gmt":"2022-03-01T20:34:00","guid":{"rendered":"https:\/\/generacionnueva.com.co\/?p=1175"},"modified":"2022-03-02T20:41:51","modified_gmt":"2022-03-02T20:41:51","slug":"coalo-zamorano-regresa-con-el-tema-estar-contigo","status":"publish","type":"post","link":"https:\/\/generacionnueva.com.co\/index.php\/2022\/03\/01\/coalo-zamorano-regresa-con-el-tema-estar-contigo\/","title":{"rendered":"Coalo Zamorano regresa con el tema &#8220;Estar contigo&#8221;"},"content":{"rendered":"\n<p>Coalo Zamorano es uno de los cantantes y compositores cristianos m\u00e1s aclamados por las listas de reproducciones en las principales plataformas digitales como Spotify. En esta ocasi\u00f3n<strong> Zamorano<\/strong> estrena el sencillo <strong><em>\u00abEstar contigo\u00bb<\/em><\/strong>, un tema que proclama la confianza y libre acceso a la presencia de Dios, impulsado por un profundo deseo por su compa\u00f1\u00eda.<\/p>\n\n\n\n<p><strong>Coalo Zamorano <\/strong>interpreta el tema junto a sus hijas, <strong>Laura Melton <\/strong>y <strong>Rebeca Zamorano. <em>\u00abEstar contigo\u00bb<\/em> <\/strong>es una balada pop producida por <strong>Daniel Fraire<\/strong>, que integra arreglos de cuerdas y sintetizadores que aportan frescura a la canci\u00f3n.<\/p>\n\n\n\n<p>La letra fue escrita hace tiempo por el compositor mexicano, pero fue en 2021 en un viaje a Monterrey, cuando termin\u00f3 de pulir todos los detalles de la canci\u00f3n. En el proceso de composici\u00f3n de la melod\u00eda participaron <strong>Danilo Ruiz y Majo Sol\u00eds <\/strong>(del dueto <strong>Majo y Dan<\/strong>). <strong>Coalo<\/strong> comenta al respecto: <em>\u00abLe entregu\u00e9 la letra a <\/em><strong><em>Danilo<\/em><\/strong><em> y se sent\u00f3 en el piano que tiene en su casa\u2026 y de repente empieza a cantar la melod\u00eda del coro. \u00a1Me fascin\u00f3 eso! Realmente toda la m\u00fasica, la melod\u00eda fue inspiraci\u00f3n de <\/em><strong><em>Danilo<\/em><\/strong><em>, y <\/em><strong><em>Majo<\/em><\/strong><em> tambi\u00e9n apoy\u00f3 en partes de la letra\u00bb.<\/em><\/p>\n\n\n\n<p><strong><em>\u00abEstar contigo\u00bb<\/em><\/strong> invita a los oyentes a buscar la \u00edntima compa\u00f1\u00eda de Dios, al saber que lejos de los formalismos y requisitos, la gracia de Cristo abre las puertas para que todo aquel que quiera pueda acercarse libremente y con confianza. <em>\u00abEstar contigo no me pide ser distinto. Estar contigo no exige un pasado limpio. Estar contigo no pide posiciones, no requiere perfecciones\u00bb, <\/em>proclama el verso de la canci\u00f3n, &nbsp;versos que hacen recordar el coraz\u00f3n de David en <strong>Salmos 27:4<\/strong> (NVI): <em>\u00abUna sola cosa le pido al Se\u00f1or, y es lo \u00fanico que persigo: habitar en la casa del Se\u00f1or todos los d\u00edas de mi vida, para contemplar la hermosura del Se\u00f1or y recrearme en su templo\u00bb.<\/em><\/p>\n\n\n\n<p>Al hablar de perspectiva de esta tem\u00e1tica, <strong>Zamorano <\/strong>expresa: <em>\u00abLo m\u00e1s importante es querer estar con \u00e9l. [Hay una] libertad muy especial cuando entendemos que nosotros somos hijos, que no tenemos que hacer nada m\u00e1s para recibir su amor, que tiene cosas buenas para nosotros independientemente de\u2026 [lo] bueno o malo, de si comet\u00ed alg\u00fan error&#8230; Si dependiera de nuestra manera de vivir, quiz\u00e1s no tendr\u00edamos ninguna bendici\u00f3n de Dios, pero a m\u00ed lo que me ha impactado mucho es que Dios me ama y me bendice porque soy su hijo\u00bb.<\/em><\/p>\n\n\n\n<p>Uno de los aspectos m\u00e1s notables del lanzamiento es el videoclip oficial de la canci\u00f3n, dirigido por el equipo de <strong>424 Films, <\/strong>agencia dedicada a la producci\u00f3n de videos profesionales para la industria cristiana basada en Monterrey, M\u00e9xico. La grabaci\u00f3n se llev\u00f3 a cabo en m\u00faltiples locaciones en el \u00e1rea de Dallas. La primera fue en un estudio cerca de Fort Worth, en donde por medio de iluminaci\u00f3n profesional se capturaron las tomas que aparecen en tonalidad anaranjada, proporcionando un toque art\u00edstico a la obra. Despu\u00e9s de esto, se grabaron escenas en una presa a las afueras de Dallas, en un parque estatal que posee paisajes y vegetaci\u00f3n muy especial. A pesar del fr\u00edo, pudieron llevar a cabo la grabaci\u00f3n, lo cual destac\u00f3 la buena relaci\u00f3n y ambiente que existe entre <strong>Coalo<\/strong> y sus hijas.<\/p>\n\n\n\n<p><strong><em>\u00abEstar contigo\u00bb<\/em><\/strong>, es un lanzamiento independiente de <strong>Coalo Zamorano<\/strong>, que ya puede disfrutarse en todas las plataformas. El videoclip se encuentra disponible en el canal oficial del cantante en YouTube.<\/p>\n\n\n\n<p><em>Con informaci\u00f3n de prensa Allegro Noticias<\/em><\/p>\n","protected":false},"excerpt":{"rendered":"<p>Coalo Zamorano es uno de los cantantes y compositores cristianos m\u00e1s aclamados por las listas de reproducciones en las principales plataformas digitales como Spotify. En esta ocasi\u00f3n Zamorano estrena el sencillo \u00abEstar contigo\u00bb, un tema que proclama la confianza y libre acceso a la presencia de Dios, impulsado por un profundo deseo por su compa\u00f1\u00eda&#8230;.<\/p>\n","protected":false},"author":1,"featured_media":1180,"comment_status":"open","ping_status":"open","sticky":false,"template":"","format":"video","meta":{"footnotes":""},"categories":[39],"tags":[197,891,888,889,684,681,890],"class_list":["post-1175","post","type-post","status-publish","format-video","has-post-thumbnail","hentry","category-musica","tag-coalo-zamorano","tag-danilo-ruiz","tag-estar-contigo-de-coalo-zamorano","tag-laura-melton","tag-majo-solis","tag-majo-y-dan","tag-rebeca-zamorano","post_format-post-format-video","th-blog blog-single has-post-thumbnail"],"amp_enabled":true,"_links":{"self":[{"href":"https:\/\/generacionnueva.com.co\/index.php\/wp-json\/wp\/v2\/posts\/1175","targetHints":{"allow":["GET"]}}],"collection":[{"href":"https:\/\/generacionnueva.com.co\/index.php\/wp-json\/wp\/v2\/posts"}],"about":[{"href":"https:\/\/generacionnueva.com.co\/index.php\/wp-json\/wp\/v2\/types\/post"}],"author":[{"embeddable":true,"href":"https:\/\/generacionnueva.com.co\/index.php\/wp-json\/wp\/v2\/users\/1"}],"replies":[{"embeddable":true,"href":"https:\/\/generacionnueva.com.co\/index.php\/wp-json\/wp\/v2\/comments?post=1175"}],"version-history":[{"count":1,"href":"https:\/\/generacionnueva.com.co\/index.php\/wp-json\/wp\/v2\/posts\/1175\/revisions"}],"predecessor-version":[{"id":1177,"href":"https:\/\/generacionnueva.com.co\/index.php\/wp-json\/wp\/v2\/posts\/1175\/revisions\/1177"}],"wp:featuredmedia":[{"embeddable":true,"href":"https:\/\/generacionnueva.com.co\/index.php\/wp-json\/wp\/v2\/media\/1180"}],"wp:attachment":[{"href":"https:\/\/generacionnueva.com.co\/index.php\/wp-json\/wp\/v2\/media?parent=1175"}],"wp:term":[{"taxonomy":"category","embeddable":true,"href":"https:\/\/generacionnueva.com.co\/index.php\/wp-json\/wp\/v2\/categories?post=1175"},{"taxonomy":"post_tag","embeddable":true,"href":"https:\/\/generacionnueva.com.co\/index.php\/wp-json\/wp\/v2\/tags?post=1175"}],"curies":[{"name":"wp","href":"https:\/\/api.w.org\/{rel}","templated":true}]}}