{"id":1146,"date":"2022-02-06T17:14:00","date_gmt":"2022-02-06T17:14:00","guid":{"rendered":"https:\/\/generacionnueva.com.co\/?p=1146"},"modified":"2022-02-07T17:34:36","modified_gmt":"2022-02-07T17:34:36","slug":"nuevo-integrante-de-la-familia-13-consejos-para-cuidar-de-tu-recien-nacido","status":"publish","type":"post","link":"https:\/\/generacionnueva.com.co\/index.php\/2022\/02\/06\/nuevo-integrante-de-la-familia-13-consejos-para-cuidar-de-tu-recien-nacido\/","title":{"rendered":"\u00bfNuevo integrante de la familia? 13 consejos para cuidar de tu reci\u00e9n nacido"},"content":{"rendered":"\n<p>La llegada de un beb\u00e9 a casa, principalmente para familias primerizas, est\u00e1 cargada de emociones, pero tambi\u00e9n de temores por enfrentarse al cuidado de un ser que depende, en todos los aspectos, de las personas que lo rodean. Por ello, la m\u00e9dica pediatra neonat\u00f3loga y coordinadora de la Unidad de Reci\u00e9n Nacidos de la Cl\u00ednica Reina Sof\u00eda, Luz \u00c1ngela Rozo, brinda 13 recomendaciones y datos pr\u00e1cticos para cuidar a los reci\u00e9n nacidos.<\/p>\n\n\n\n<ol class=\"wp-block-list\" type=\"1\"><li>1. Para saber si la leche materna es el suficiente alimento que el beb\u00e9 requiere, durante los primeros tres meses deben ganar entre 750 y 1.000 gramos de forma mensual, y entre 500 y 600 gramos en los meses cuatro, cinco y seis de vida.<\/li><\/ol>\n\n\n\n<ul class=\"wp-block-list\"><li>2. Recuerda que es ideal que la leche materna, a menos que se indique lo contrario, sea la \u00fanica fuente de alimento durante los primeros seis meses de vida. \u00a0Despu\u00e9s de este tiempo, los beb\u00e9s deber\u00edan continuar recibi\u00e9ndola junto con los otros alimentos que se introduzcan en la dieta.<\/li><\/ul>\n\n\n\n<ul class=\"wp-block-list\"><li>3. Siempre saca los gases despu\u00e9s de que el beb\u00e9 coma. Esto evitar\u00e1 la aparici\u00f3n de c\u00f3licos. Si lloran fuerte, sudan y mueven los brazos y las piernas, es probable que tengan este dolor, por lo que es necesario sacarles los gases y masajearles el abdomen para que puedan relajarse. \u00a0<\/li><\/ul>\n\n\n\n<ul class=\"wp-block-list\"><li>4. Para el primer ba\u00f1o del beb\u00e9, ten en cuenta que lo deber\u00eda hacer cuando la temperatura del cuerpo se haya regulado; esto implica que con el ba\u00f1o no se deber\u00eda enfriar de forma abrupta tras el cambio del pa\u00f1al. Recuerda que, si el menor no es prematuro y tiene buen peso, puede ba\u00f1arlo todos los d\u00edas, desde el segundo d\u00eda.<\/li><\/ul>\n\n\n\n<ul class=\"wp-block-list\"><li>5. No los abrigues demasiado. La sensaci\u00f3n de fr\u00edo y calor excesivo no permite al beb\u00e9 estar c\u00f3modo y seguramente esto lo demostrar\u00e1 de alguna manera.<\/li><\/ul>\n\n\n\n<ul class=\"wp-block-list\"><li>6. Utiliza, en lo posible, ropa de algod\u00f3n. Este material es ideal porque, adem\u00e1s de ayudar con la regulaci\u00f3n de la temperatura, cuida la piel del beb\u00e9 al evitar brotes y enrojecimientos, que suceden casi siempre con el calor excesivo.<\/li><\/ul>\n\n\n\n<ul class=\"wp-block-list\"><li>7. En la medida de lo posible, usa y prefiere cobijas antial\u00e9rgicas. Ten en cuenta que, si el beb\u00e9 tiene la piel delicada, lo ideal es primero envolverlo con una s\u00e1bana y despu\u00e9s con la cobija.<\/li><\/ul>\n\n\n\n<ul class=\"wp-block-list\"><li>8. Recuerda siempre que la temperatura ideal del beb\u00e9 debe estar entre 36,5 y 37,5 grados cent\u00edgrados.<\/li><\/ul>\n\n\n\n<ul class=\"wp-block-list\"><li>9. Es normal que en los primeros d\u00edas la producci\u00f3n de leche sea baja y que los beb\u00e9s coman poco, pero seguido. Poco a poco mejoran tanto la producci\u00f3n de leche, como la capacidad del menor para comer por m\u00e1s tiempo. Recuerda estar pendiente de que orine varias veces en el d\u00eda, pues este es un signo de hidrataci\u00f3n.<\/li><\/ul>\n\n\n\n<ol class=\"wp-block-list\" type=\"1\"><li>10. Aseg\u00farate de que el beb\u00e9, dos veces al d\u00eda y a trav\u00e9s de una ventana, reciba el sol o la luz del d\u00eda por per\u00edodos entre 15 y 20 minutos. Esta rutina se debe mantener durante las dos primeras semanas de vida.<\/li><\/ol>\n\n\n\n<ol class=\"wp-block-list\" type=\"1\"><li>11. Si notas acn\u00e9 en la piel del beb\u00e9, l\u00edmpiala con agua y una loci\u00f3n suave, tipo Acid Mantle. Esto se debe a las hormonas que reciben a trav\u00e9s de la leche materna. Sin embargo, si el tema aumenta o persiste por m\u00e1s de un mes, lo mejor ser\u00e1 consultar con el pediatra. \u00a0<\/li><\/ol>\n\n\n\n<ol class=\"wp-block-list\" type=\"1\"><li>12. Acu\u00e9stalos boca arriba o de medio lado, pero con la cabeza y el torso un poco elevados. As\u00ed evitar\u00e1 que devuelvan la comida.<\/li><\/ol>\n\n\n\n<ol class=\"wp-block-list\" type=\"1\"><li>13. Algunos s\u00edntomas de alerta que indican que es necesario acudir al m\u00e9dico, son: v\u00f3mitos repetidos, fiebre, decaimiento, inapetencia, diarrea frecuente y de mal olor, tos acompa\u00f1ada de fiebre y dificultad para respirar, aumento del color amarillo en la piel o los ojos y mucosas, falta de sue\u00f1o, llanto incontrolable, movimientos anormales, convulsiones y coloraci\u00f3n morada alrededor de los labios (cianosis).<\/li><\/ol>\n","protected":false},"excerpt":{"rendered":"<p>La llegada de un beb\u00e9 a casa, principalmente para familias primerizas, est\u00e1 cargada de emociones, pero tambi\u00e9n de temores por enfrentarse al cuidado de un ser que depende, en todos los aspectos, de las personas que lo rodean. Por ello, la m\u00e9dica pediatra neonat\u00f3loga y coordinadora de la Unidad de Reci\u00e9n Nacidos de la Cl\u00ednica&#8230;<\/p>\n","protected":false},"author":1,"featured_media":1148,"comment_status":"open","ping_status":"open","sticky":false,"template":"","format":"standard","meta":{"footnotes":""},"categories":[49,42],"tags":[829,832,831,830],"class_list":["post-1146","post","type-post","status-publish","format-standard","has-post-thumbnail","hentry","category-bienestar","category-ellas","tag-bebe","tag-clinica-reina-sofia","tag-luz-angela-rozo","tag-recien-nacido","th-blog blog-single has-post-thumbnail"],"amp_enabled":true,"_links":{"self":[{"href":"https:\/\/generacionnueva.com.co\/index.php\/wp-json\/wp\/v2\/posts\/1146","targetHints":{"allow":["GET"]}}],"collection":[{"href":"https:\/\/generacionnueva.com.co\/index.php\/wp-json\/wp\/v2\/posts"}],"about":[{"href":"https:\/\/generacionnueva.com.co\/index.php\/wp-json\/wp\/v2\/types\/post"}],"author":[{"embeddable":true,"href":"https:\/\/generacionnueva.com.co\/index.php\/wp-json\/wp\/v2\/users\/1"}],"replies":[{"embeddable":true,"href":"https:\/\/generacionnueva.com.co\/index.php\/wp-json\/wp\/v2\/comments?post=1146"}],"version-history":[{"count":1,"href":"https:\/\/generacionnueva.com.co\/index.php\/wp-json\/wp\/v2\/posts\/1146\/revisions"}],"predecessor-version":[{"id":1149,"href":"https:\/\/generacionnueva.com.co\/index.php\/wp-json\/wp\/v2\/posts\/1146\/revisions\/1149"}],"wp:featuredmedia":[{"embeddable":true,"href":"https:\/\/generacionnueva.com.co\/index.php\/wp-json\/wp\/v2\/media\/1148"}],"wp:attachment":[{"href":"https:\/\/generacionnueva.com.co\/index.php\/wp-json\/wp\/v2\/media?parent=1146"}],"wp:term":[{"taxonomy":"category","embeddable":true,"href":"https:\/\/generacionnueva.com.co\/index.php\/wp-json\/wp\/v2\/categories?post=1146"},{"taxonomy":"post_tag","embeddable":true,"href":"https:\/\/generacionnueva.com.co\/index.php\/wp-json\/wp\/v2\/tags?post=1146"}],"curies":[{"name":"wp","href":"https:\/\/api.w.org\/{rel}","templated":true}]}}