{"id":1026,"date":"2021-09-27T16:27:00","date_gmt":"2021-09-27T16:27:00","guid":{"rendered":"https:\/\/generacionnueva.com.co\/?p=1026"},"modified":"2021-09-30T17:38:21","modified_gmt":"2021-09-30T17:38:21","slug":"el-exfutbolista-y-cantante-jackson-martinez-presenta-su-nueva-cancion-las-2-puertas","status":"publish","type":"post","link":"https:\/\/generacionnueva.com.co\/index.php\/2021\/09\/27\/el-exfutbolista-y-cantante-jackson-martinez-presenta-su-nueva-cancion-las-2-puertas\/","title":{"rendered":"El exfutbolista y cantante Jackson Mart\u00ednez presenta su nueva canci\u00f3n &#8220;LAS 2 PUERTAS&#8221;"},"content":{"rendered":"\n<p>Jackson Mart\u00ednez, exfutbolista de la Selecci\u00f3n Colombia ahora es artista musical cristiano y tras el \u00e9xito de su sencillo anterior titulado &#8220;LA VERDAD&#8221;, presenta en este mes de septiembre su nuevo tema llamado &#8220;LAS 2 PUERTAS&#8221;, canci\u00f3n que le otorga el nombre a su \u00e1lbum, el cual fue lanzado a principios del a\u00f1o.<\/p>\n\n\n\n<p>Esta canci\u00f3n es escrita por el artista chocoano y se basa en la cita b\u00edblica de Mateo 7:13-14 en donde se refleja la realidad del ser humano que en su libertad de poder elegir los rumbos de su vida siempre acude a\u00a0los m\u00e1s f\u00e1ciles o m\u00e1s amplios sin poner en revisi\u00f3n las consecuencias de hacer esto. Las 2 puertas habla, de la puerta ancha que es la f\u00e1cil y la puerta estrecha que es aquella que lleva a la salvaci\u00f3n brindada por Dios.\u00a0<\/p>\n\n\n\n<p><strong>\u201cLAS 2 PUERTAS\u201d<\/strong>\u00a0tanto el \u00e1lbum como la canci\u00f3n fueron desarrolladas\u00a0en Palma Production y contaron con la direcci\u00f3n y producci\u00f3n de Mr Dec integrante de la agrupaci\u00f3n Golpe a Golpe, Guajiro Producer y Hugo30. La letra es autor\u00eda de\u00a0<strong>JACKSON MART\u00cdNEZ<\/strong>\u00a0quien crea sus canciones para la gloria de Dios a trav\u00e9s de la Biblia, de\u00a0las vivencias que ha tenido en su vida espiritual\u00a0y sus experiencias de vida personal.<br>\u00a0<br>El video fue rodado en Bello, Antioquia durante la m\u00e1s reciente visita del artista a Colombia ya que este se encuentra radicado en Portugal. La locaci\u00f3n elegida fue en Parque Artes y Oficios y estuvo bajo la direcci\u00f3n del colombiano Cleyder Duque quien ha dirigido los dos \u00faltimos videos de la agrupaci\u00f3n paisa Golpe a Golpe. En este se ve a\u00a0<strong>JACKSON MART\u00cdNEZ<\/strong>\u00a0en un espacio de tranquilidad acompa\u00f1ado de sus m\u00fasicos y reflexionando sobre lo f\u00e1cil pero perjudicial que puede ser tomar el camino corto pero amplio.<br>\u00a0<br>Las 2 puertas est\u00e1 disponible desde hace unas semanas en plataformas digitales, pero su video oficial estar\u00e1 disponible este mi\u00e9rcoles 15 de septiembre a trav\u00e9s de YouTube.<\/p>\n\n\n\n<p>La revista Generaci\u00f3n Nueva tendr\u00e1 una charla en exclusiva con Jackson y pr\u00f3ximamente ser\u00e1 anunciada en nuestro canal de Youtube y estar\u00e1 disponible tambi\u00e9n en Spotify.<\/p>\n","protected":false},"excerpt":{"rendered":"<p>Jackson Mart\u00ednez, exfutbolista de la Selecci\u00f3n Colombia ahora es artista musical cristiano y tras el \u00e9xito de su sencillo anterior titulado &#8220;LA VERDAD&#8221;, presenta en este mes de septiembre su nuevo tema llamado &#8220;LAS 2 PUERTAS&#8221;, canci\u00f3n que le otorga el nombre a su \u00e1lbum, el cual fue lanzado a principios del a\u00f1o. Esta canci\u00f3n&#8230;<\/p>\n","protected":false},"author":1,"featured_media":1028,"comment_status":"open","ping_status":"open","sticky":false,"template":"","format":"video","meta":{"footnotes":""},"categories":[36,31,39],"tags":[670,672,674,667,671,577,668,74,669,45,673],"class_list":["post-1026","post","type-post","status-publish","format-video","has-post-thumbnail","hentry","category-actualidad","category-cristianos-del-deporte","category-musica","tag-cha-cha-cha","tag-el-cantante-jackson-martinez","tag-jackson","tag-jackson-martinez","tag-la-verdad","tag-lanzamientos","tag-las-2-puertas","tag-musica-cristiana","tag-rap-cristiano","tag-revista-generacion-nueva","tag-septiembre","post_format-post-format-video","th-blog blog-single has-post-thumbnail"],"amp_enabled":true,"_links":{"self":[{"href":"https:\/\/generacionnueva.com.co\/index.php\/wp-json\/wp\/v2\/posts\/1026","targetHints":{"allow":["GET"]}}],"collection":[{"href":"https:\/\/generacionnueva.com.co\/index.php\/wp-json\/wp\/v2\/posts"}],"about":[{"href":"https:\/\/generacionnueva.com.co\/index.php\/wp-json\/wp\/v2\/types\/post"}],"author":[{"embeddable":true,"href":"https:\/\/generacionnueva.com.co\/index.php\/wp-json\/wp\/v2\/users\/1"}],"replies":[{"embeddable":true,"href":"https:\/\/generacionnueva.com.co\/index.php\/wp-json\/wp\/v2\/comments?post=1026"}],"version-history":[{"count":1,"href":"https:\/\/generacionnueva.com.co\/index.php\/wp-json\/wp\/v2\/posts\/1026\/revisions"}],"predecessor-version":[{"id":1027,"href":"https:\/\/generacionnueva.com.co\/index.php\/wp-json\/wp\/v2\/posts\/1026\/revisions\/1027"}],"wp:featuredmedia":[{"embeddable":true,"href":"https:\/\/generacionnueva.com.co\/index.php\/wp-json\/wp\/v2\/media\/1028"}],"wp:attachment":[{"href":"https:\/\/generacionnueva.com.co\/index.php\/wp-json\/wp\/v2\/media?parent=1026"}],"wp:term":[{"taxonomy":"category","embeddable":true,"href":"https:\/\/generacionnueva.com.co\/index.php\/wp-json\/wp\/v2\/categories?post=1026"},{"taxonomy":"post_tag","embeddable":true,"href":"https:\/\/generacionnueva.com.co\/index.php\/wp-json\/wp\/v2\/tags?post=1026"}],"curies":[{"name":"wp","href":"https:\/\/api.w.org\/{rel}","templated":true}]}}