{"id":1001,"date":"2021-09-10T01:04:00","date_gmt":"2021-09-10T01:04:00","guid":{"rendered":"https:\/\/generacionnueva.com.co\/?p=1001"},"modified":"2021-09-19T01:15:01","modified_gmt":"2021-09-19T01:15:01","slug":"en-la-tormenta-lo-nuevo-del-grupo-mas-adoracion","status":"publish","type":"post","link":"https:\/\/generacionnueva.com.co\/index.php\/2021\/09\/10\/en-la-tormenta-lo-nuevo-del-grupo-mas-adoracion\/","title":{"rendered":"&#8220;En la Tormenta&#8221;, lo nuevo del grupo Mas Adoraci\u00f3n"},"content":{"rendered":"\n<p>Desde Colombia, el grupo <strong>Mas Adoraci\u00f3n<\/strong> presenta el sencillo <strong><em>\u00abEn la tormenta\u00bb<\/em><\/strong>, producido por <strong>Fabi\u00e1n Dada<\/strong> y <strong>Sergio Lacouture<\/strong> y que es su segundo sencillo lanzado en 2021.<\/p>\n\n\n\n<p><strong><em>\u00abEn la tormenta\u00bb<\/em><\/strong> es una balada de adoraci\u00f3n interpretada por <strong>Sergio Rueda<\/strong>, integrante del grupo junto con<strong> Fabi\u00e1n Dada <\/strong>y<strong> Sof\u00eda Rodr\u00edguez<\/strong>. Los versos hablan del sacrificio redentor de Cristo en la cruz, por amor, reconociendo su autoridad como Se\u00f1or.<\/p>\n\n\n\n<p>La canci\u00f3n naci\u00f3 en 2020 debido a la pandemia de COVID-19 y habla de encontrar refugio en Jesucristo: <em>\u00abEn medio de la tormenta yo puedo sentir tu amor, yo puedo escuchar tu voz. En medio de la batalla\u2026 t\u00fa est\u00e1s aqu\u00ed\u00bb. <\/em>Con esta composici\u00f3n la banda desea brindar la esperanza de la cruz en medio de tiempos dif\u00edciles.<\/p>\n\n\n\n<p>Han inspirado esta canci\u00f3n en un pasaje b\u00edblico \u2014Mateo 8:23-27\u2014 que narra el evento de Jes\u00fas calmando la tormenta: <em>\u00abLuego Jes\u00fas entr\u00f3 en la barca y comenz\u00f3 a cruzar el lago con sus disc\u00edpulos. De repente, se desat\u00f3 sobre el lago una fuerte tormenta, con olas que entraban en la barca; pero Jes\u00fas dorm\u00eda. Los disc\u00edpulos fueron a despertarlo: \u2014Se\u00f1or, \u00a1s\u00e1lvanos! \u00a1Nos vamos a ahogar!\u2014gritaron. \u2014\u00bfPor qu\u00e9 tienen miedo?\u2014pregunt\u00f3 Jes\u00fas\u2014. \u00a1Tienen tan poca fe! Entonces se levant\u00f3 y reprendi\u00f3 al viento y a las olas y, de repente, hubo una gran calma. Los disc\u00edpulos quedaron asombrados y preguntaron: \u00ab\u00bfQui\u00e9n es este hombre? \u00a1Hasta el viento y las olas lo obedecen!\u00bb<\/em> (NTV).<\/p>\n\n\n\n<p>Los miembros de la banda comentan que se encuentran en un tiempo de consolidaci\u00f3n de la banda, <em>\u00abEstamos ensayando mucho y preparando un nuevo <\/em>show <em>(<\/em>performance<em>). No dejamos de componer y producir nuevas canciones y estamos buscando en lo secreto lo nuevo de Dios para esta temporada. Creemos que lo que resta de 2021 y el 2022 ser\u00e1n muy activos para nosotros en todo sentido\u00bb<\/em>, comenta <strong>Sergio Rueda<\/strong>.<\/p>\n\n\n\n<p>Por lo pronto, tienen la agenda abierta para lo que resta de este a\u00f1o y del siguiente. <em>\u00abAhora mismo estamos enfocados en el lanzamiento de <\/em><strong>&#8220;En la tormenta&#8221;<\/strong><em>, y pr\u00f3ximamente, <\/em><strong>&#8220;Colores&#8221;<\/strong><em>\u00bb<\/em>, explica <strong>Sergio<\/strong>.<\/p>\n\n\n\n<p>El videoclip, fue grabado en el eje cafetero\u2014en el hospedaje <strong>Shekinah<\/strong>, de Pereira\u2014 y consta de tomas abiertas del exterior en las que se puede apreciar a la banda y a la gente involucrada en la adoraci\u00f3n con este tema musical. Se puede ver el atardecer, ya que la banda comenz\u00f3 a grabar con luz natural y termin\u00f3 apoy\u00e1ndose en la iluminaci\u00f3n especial que <strong>El Vacile Films<\/strong> instal\u00f3 para este fin, bajo la direcci\u00f3n de <strong>Jhon Molano<\/strong>.<\/p>\n\n\n\n<p><em>\u00abEscogimos esta locaci\u00f3n para resaltar aquello que nos representa como colombianos en el exterior, que es el caf\u00e9, y el cual, a su vez, es nuestra esencia\u00bb<\/em>, expresa <strong>Sergio Rueda<\/strong>. Desde lo visual, deseaban evocar lo \u00abc\u00e1lido\u00bb del \u00abhogar\u00bb como lugar seguro. Quisieron emplear el concepto campestre y resaltar la finca cafetera. \u00abUtilizamos colores tierra y mucha madera\u00bb, comenta. <em>\u00abNo es un videoclip convencional, es un video donde resaltamos el clamor en familia y creemos que se va a replicar y se va a extender en cada lugar donde lo vean\u00bb.<\/em><\/p>\n\n\n\n<p>El equipo tuvo que enfrentar diferentes obst\u00e1culos, como realizar un montaje desde cero, porque todo lo que ocurre en el video fue planeado e intencional. La tarima fue ubicada para que la banda fuera ba\u00f1ada e iluminada en el atardecer por la luz del sol. \u00abTuvimos problemas con lluvias en medio de la grabaci\u00f3n, lo cu\u00e1l nos retras\u00f3, pero al final pudimos lograrlo\u00bb, rememora <strong>Sergio<\/strong>.<\/p>\n\n\n\n<p><strong><em>\u00abEn la tormenta\u00bb<\/em><\/strong>, de <strong>Mas Adoraci\u00f3n<\/strong>, es un lanzamiento internacional de <strong>El Vacile, Inc.<\/strong> y ya est\u00e1 en todas las plataformas digitales. El video ya est\u00e1 disponible en el canal oficial de YouTube de la banda.<\/p>\n","protected":false},"excerpt":{"rendered":"<p>Desde Colombia, el grupo Mas Adoraci\u00f3n presenta el sencillo \u00abEn la tormenta\u00bb, producido por Fabi\u00e1n Dada y Sergio Lacouture y que es su segundo sencillo lanzado en 2021. \u00abEn la tormenta\u00bb es una balada de adoraci\u00f3n interpretada por Sergio Rueda, integrante del grupo junto con Fabi\u00e1n Dada y Sof\u00eda Rodr\u00edguez. Los versos hablan del sacrificio&#8230;<\/p>\n","protected":false},"author":1,"featured_media":1007,"comment_status":"open","ping_status":"open","sticky":false,"template":"","format":"video","meta":{"footnotes":""},"categories":[39],"tags":[103,623,625,624,627,626],"class_list":["post-1001","post","type-post","status-publish","format-video","has-post-thumbnail","hentry","category-musica","tag-covid-19","tag-en-la-tormenta","tag-fabian-dada","tag-mas-adoracion","tag-sergio-rueda","tag-sofia-rodriguez","post_format-post-format-video","th-blog blog-single has-post-thumbnail"],"amp_enabled":true,"_links":{"self":[{"href":"https:\/\/generacionnueva.com.co\/index.php\/wp-json\/wp\/v2\/posts\/1001","targetHints":{"allow":["GET"]}}],"collection":[{"href":"https:\/\/generacionnueva.com.co\/index.php\/wp-json\/wp\/v2\/posts"}],"about":[{"href":"https:\/\/generacionnueva.com.co\/index.php\/wp-json\/wp\/v2\/types\/post"}],"author":[{"embeddable":true,"href":"https:\/\/generacionnueva.com.co\/index.php\/wp-json\/wp\/v2\/users\/1"}],"replies":[{"embeddable":true,"href":"https:\/\/generacionnueva.com.co\/index.php\/wp-json\/wp\/v2\/comments?post=1001"}],"version-history":[{"count":2,"href":"https:\/\/generacionnueva.com.co\/index.php\/wp-json\/wp\/v2\/posts\/1001\/revisions"}],"predecessor-version":[{"id":1006,"href":"https:\/\/generacionnueva.com.co\/index.php\/wp-json\/wp\/v2\/posts\/1001\/revisions\/1006"}],"wp:featuredmedia":[{"embeddable":true,"href":"https:\/\/generacionnueva.com.co\/index.php\/wp-json\/wp\/v2\/media\/1007"}],"wp:attachment":[{"href":"https:\/\/generacionnueva.com.co\/index.php\/wp-json\/wp\/v2\/media?parent=1001"}],"wp:term":[{"taxonomy":"category","embeddable":true,"href":"https:\/\/generacionnueva.com.co\/index.php\/wp-json\/wp\/v2\/categories?post=1001"},{"taxonomy":"post_tag","embeddable":true,"href":"https:\/\/generacionnueva.com.co\/index.php\/wp-json\/wp\/v2\/tags?post=1001"}],"curies":[{"name":"wp","href":"https:\/\/api.w.org\/{rel}","templated":true}]}}