{"id":46,"count":3,"description":"El punto de vista period\u00edstico de la revista Generaci\u00f3n Nueva con respecto a los acontecimientos de inter\u00e9s actual.","link":"https:\/\/generacionnueva.com.co\/index.php\/category\/editorial\/","name":"EDITORIAL","slug":"editorial","taxonomy":"category","parent":0,"meta":[],"_links":{"self":[{"href":"https:\/\/generacionnueva.com.co\/index.php\/wp-json\/wp\/v2\/categories\/46","targetHints":{"allow":["GET"]}}],"collection":[{"href":"https:\/\/generacionnueva.com.co\/index.php\/wp-json\/wp\/v2\/categories"}],"about":[{"href":"https:\/\/generacionnueva.com.co\/index.php\/wp-json\/wp\/v2\/taxonomies\/category"}],"wp:post_type":[{"href":"https:\/\/generacionnueva.com.co\/index.php\/wp-json\/wp\/v2\/posts?categories=46"}],"curies":[{"name":"wp","href":"https:\/\/api.w.org\/{rel}","templated":true}]}}